{"id":570,"date":"2008-06-25T15:47:25","date_gmt":"2008-06-25T14:47:25","guid":{"rendered":"http:\/\/www.leliseron.com\/?p=570"},"modified":"2013-12-09T15:50:01","modified_gmt":"2013-12-09T14:50:01","slug":"bapteme-de-lair-a-pontarlier-le-24-juin-2008","status":"publish","type":"post","link":"http:\/\/leliseron.com\/?p=570","title":{"rendered":"Bapt\u00eame de l&rsquo;air \u00e0 Pontarlier, le 24 juin 2008"},"content":{"rendered":"<p style=\"text-align: left;\"><img loading=\"lazy\" decoding=\"async\" class=\"alignleft size-medium wp-image-571\" alt=\"A\u00e9ro-club de Pontarlier\" src=\"http:\/\/www.leliseron.com\/wp-content\/uploads\/2013\/12\/Capture-d\u2019e\u0301cran-2013-12-09-a\u0300-15.45.01-300x197.jpg\" width=\"261\" height=\"173\" \/>Manon, Cl\u00e9ment, Elian, Maxime, Lucas et Agathe n&rsquo;ont pas eu froid aux yeux : ils ont fait un beau bapt\u00eame de l&rsquo;air d&rsquo;une demi-heure en m\u00eame temps que <em>\u00ab Le jour le plus long \u00bb<\/em>. Il leur \u00e9tait offert par l&rsquo;association \u00ab\u00a0Le\u00a0Liseron \u00bb qui s&rsquo;occupe d&rsquo;enfants atteints du cancer et ses amis de l&rsquo;A\u00e9ro-club. Une belle journ\u00e9e durant laquelle la maladie a \u00e9t\u00e9 oubli\u00e9e.<\/p>\n<p style=\"text-align: center;\"><img loading=\"lazy\" decoding=\"async\" class=\"size-full wp-image-373 aligncenter\" alt=\"spacer\" src=\"http:\/\/www.leliseron.com\/wp-content\/uploads\/2013\/10\/spacer.gif\" width=\"10\" height=\"10\" \/><\/p>\n<p><img loading=\"lazy\" decoding=\"async\" class=\"size-medium wp-image-572 aligncenter\" alt=\"Avion de l'a\u00e9ro-club de Pontarlier\" src=\"http:\/\/www.leliseron.com\/wp-content\/uploads\/2013\/12\/Capture-d\u2019e\u0301cran-2013-12-09-a\u0300-15.44.47-300x201.jpg\" width=\"300\" height=\"201\" srcset=\"http:\/\/leliseron.com\/wp-content\/uploads\/2013\/12\/Capture-d\u2019e\u0301cran-2013-12-09-a\u0300-15.44.47-300x201.jpg 300w, http:\/\/leliseron.com\/wp-content\/uploads\/2013\/12\/Capture-d\u2019e\u0301cran-2013-12-09-a\u0300-15.44.47.jpg 423w\" sizes=\"auto, (max-width: 300px) 100vw, 300px\" \/><\/p>\n","protected":false},"excerpt":{"rendered":"<p>Manon, Cl\u00e9ment, Elian, Maxime, Lucas et Agathe n&rsquo;ont pas eu froid aux yeux : ils ont fait un beau bapt\u00eame de l&rsquo;air d&rsquo;une demi-heure en m\u00eame temps que \u00ab Le jour le plus long \u00bb. Il leur \u00e9tait offert par l&rsquo;association \u00ab\u00a0Le\u00a0Liseron \u00bb qui s&rsquo;occupe d&rsquo;enfants atteints du cancer et &#8230;<\/p>\n","protected":false},"author":1,"featured_media":572,"comment_status":"closed","ping_status":"closed","sticky":false,"template":"","format":"image","meta":{"footnotes":""},"categories":[16,4],"tags":[],"class_list":["post-570","post","type-post","status-publish","format-image","has-post-thumbnail","hentry","category-revue-de-presse_liseron","category-actualites","post_format-post-format-image","column","threecol"],"_links":{"self":[{"href":"http:\/\/leliseron.com\/index.php?rest_route=\/wp\/v2\/posts\/570","targetHints":{"allow":["GET"]}}],"collection":[{"href":"http:\/\/leliseron.com\/index.php?rest_route=\/wp\/v2\/posts"}],"about":[{"href":"http:\/\/leliseron.com\/index.php?rest_route=\/wp\/v2\/types\/post"}],"author":[{"embeddable":true,"href":"http:\/\/leliseron.com\/index.php?rest_route=\/wp\/v2\/users\/1"}],"replies":[{"embeddable":true,"href":"http:\/\/leliseron.com\/index.php?rest_route=%2Fwp%2Fv2%2Fcomments&post=570"}],"version-history":[{"count":3,"href":"http:\/\/leliseron.com\/index.php?rest_route=\/wp\/v2\/posts\/570\/revisions"}],"predecessor-version":[{"id":575,"href":"http:\/\/leliseron.com\/index.php?rest_route=\/wp\/v2\/posts\/570\/revisions\/575"}],"wp:featuredmedia":[{"embeddable":true,"href":"http:\/\/leliseron.com\/index.php?rest_route=\/wp\/v2\/media\/572"}],"wp:attachment":[{"href":"http:\/\/leliseron.com\/index.php?rest_route=%2Fwp%2Fv2%2Fmedia&parent=570"}],"wp:term":[{"taxonomy":"category","embeddable":true,"href":"http:\/\/leliseron.com\/index.php?rest_route=%2Fwp%2Fv2%2Fcategories&post=570"},{"taxonomy":"post_tag","embeddable":true,"href":"http:\/\/leliseron.com\/index.php?rest_route=%2Fwp%2Fv2%2Ftags&post=570"}],"curies":[{"name":"wp","href":"https:\/\/api.w.org\/{rel}","templated":true}]}}