{"id":563,"date":"2008-08-23T15:36:18","date_gmt":"2008-08-23T14:36:18","guid":{"rendered":"http:\/\/www.leliseron.com\/?p=563"},"modified":"2014-01-16T15:33:24","modified_gmt":"2014-01-16T14:33:24","slug":"meeting-tuning-caritatif-le-22-septembre-2008","status":"publish","type":"post","link":"http:\/\/leliseron.com\/?p=563","title":{"rendered":"Meeting tuning caritatif, le 22 septembre 2008"},"content":{"rendered":"<p><img loading=\"lazy\" decoding=\"async\" class=\"alignleft size-medium wp-image-565\" alt=\"Meeting tuning caritatif\" src=\"http:\/\/www.leliseron.com\/wp-content\/uploads\/2013\/12\/Capture-d\u2019e\u0301cran-2013-12-09-a\u0300-15.36.35-300x155.jpg\" width=\"252\" height=\"130\" srcset=\"http:\/\/leliseron.com\/wp-content\/uploads\/2013\/12\/Capture-d\u2019e\u0301cran-2013-12-09-a\u0300-15.36.35-300x155.jpg 300w, http:\/\/leliseron.com\/wp-content\/uploads\/2013\/12\/Capture-d\u2019e\u0301cran-2013-12-09-a\u0300-15.36.35.jpg 439w\" sizes=\"auto, (max-width: 252px) 100vw, 252px\" \/>Pour une premi\u00e8re, ce fut une r\u00e9ussite : 173 voitures expos\u00e9es, pr\u00e8s de 300 visiteurs, tel est le r\u00e9sultat de la manifestation organis\u00e9e par la toute jeune association \u00ab Alliance and Custom \u00bb et son pr\u00e9sident Michael Ducoup, au profit de l&rsquo;association \u00ab\u00a0Le\u00a0Liseron \u00bb.<\/p>\n<p style=\"text-align: center;\"><img loading=\"lazy\" decoding=\"async\" class=\"size-full wp-image-373 aligncenter\" alt=\"spacer\" src=\"http:\/\/www.leliseron.com\/wp-content\/uploads\/2013\/10\/spacer.gif\" width=\"10\" height=\"10\" \/><\/p>\n<p><a href=\"http:\/\/www.leliseron.com\/wp-content\/uploads\/2013\/12\/53_meeting_tuning_caritatif_22_09_08.pdf\" target=\"_blank\"><img loading=\"lazy\" decoding=\"async\" class=\"alignleft\" title=\"T\u00e9l\u00e9charger l'article de presse\" alt=\"T\u00e9l\u00e9charger l'article de presse\" src=\"http:\/\/www.leliseron.com\/wp-content\/uploads\/2013\/12\/flech-telechargement.png\" width=\"45\" height=\"42\" \/><\/a><\/p>\n","protected":false},"excerpt":{"rendered":"<p>Pour une premi\u00e8re, ce fut une r\u00e9ussite : 173 voitures expos\u00e9es, pr\u00e8s de 300 visiteurs, tel est le r\u00e9sultat de la manifestation organis\u00e9e par la toute jeune association \u00ab Alliance and Custom \u00bb et son pr\u00e9sident Michael Ducoup, au profit de l&rsquo;association \u00ab\u00a0Le\u00a0Liseron \u00bb.<\/p>\n","protected":false},"author":1,"featured_media":565,"comment_status":"closed","ping_status":"closed","sticky":false,"template":"","format":"image","meta":{"footnotes":""},"categories":[16,4],"tags":[],"class_list":["post-563","post","type-post","status-publish","format-image","has-post-thumbnail","hentry","category-revue-de-presse_liseron","category-actualites","post_format-post-format-image","column","threecol"],"_links":{"self":[{"href":"http:\/\/leliseron.com\/index.php?rest_route=\/wp\/v2\/posts\/563","targetHints":{"allow":["GET"]}}],"collection":[{"href":"http:\/\/leliseron.com\/index.php?rest_route=\/wp\/v2\/posts"}],"about":[{"href":"http:\/\/leliseron.com\/index.php?rest_route=\/wp\/v2\/types\/post"}],"author":[{"embeddable":true,"href":"http:\/\/leliseron.com\/index.php?rest_route=\/wp\/v2\/users\/1"}],"replies":[{"embeddable":true,"href":"http:\/\/leliseron.com\/index.php?rest_route=%2Fwp%2Fv2%2Fcomments&post=563"}],"version-history":[{"count":5,"href":"http:\/\/leliseron.com\/index.php?rest_route=\/wp\/v2\/posts\/563\/revisions"}],"predecessor-version":[{"id":569,"href":"http:\/\/leliseron.com\/index.php?rest_route=\/wp\/v2\/posts\/563\/revisions\/569"}],"wp:featuredmedia":[{"embeddable":true,"href":"http:\/\/leliseron.com\/index.php?rest_route=\/wp\/v2\/media\/565"}],"wp:attachment":[{"href":"http:\/\/leliseron.com\/index.php?rest_route=%2Fwp%2Fv2%2Fmedia&parent=563"}],"wp:term":[{"taxonomy":"category","embeddable":true,"href":"http:\/\/leliseron.com\/index.php?rest_route=%2Fwp%2Fv2%2Fcategories&post=563"},{"taxonomy":"post_tag","embeddable":true,"href":"http:\/\/leliseron.com\/index.php?rest_route=%2Fwp%2Fv2%2Ftags&post=563"}],"curies":[{"name":"wp","href":"https:\/\/api.w.org\/{rel}","templated":true}]}}