{"id":4790,"date":"2026-01-05T13:36:26","date_gmt":"2026-01-05T12:36:26","guid":{"rendered":"http:\/\/leliseron.com\/?p=4790"},"modified":"2026-01-05T13:39:06","modified_gmt":"2026-01-05T12:39:06","slug":"carrefour-chalezeule-a-lhonneur","status":"publish","type":"post","link":"http:\/\/leliseron.com\/?p=4790","title":{"rendered":"Carrefour Chalezeule \u00e0\u00a0l&rsquo;honneur"},"content":{"rendered":"\n<p>D\u00e9but d\u00e9cembre, le <strong>directeur<\/strong> de <strong>Carrefour Chalezeule<\/strong> de Besan\u00e7on et <strong>son personnel <\/strong>nous ont remis un de ch\u00e8que de <strong>2536<\/strong>\u00a0<strong>\u20ac<\/strong> pour l\u2019action qu\u2019ils ont organis\u00e9s fin mai et d\u00e9but juin 2025 pour notre association.<\/p>\n\n\n\n<figure class=\"wp-block-image size-large is-style-default\"><a href=\"http:\/\/leliseron.com\/wp-content\/uploads\/2026\/01\/Cheque_CarrefourChalezeule.jpg\" target=\"_blank\" rel=\" noreferrer noopener\"><img loading=\"lazy\" decoding=\"async\" width=\"1024\" height=\"783\" src=\"http:\/\/leliseron.com\/wp-content\/uploads\/2026\/01\/Cheque_CarrefourChalezeule-1024x783.jpg\" alt=\"\" class=\"wp-image-4791\" srcset=\"http:\/\/leliseron.com\/wp-content\/uploads\/2026\/01\/Cheque_CarrefourChalezeule-1024x783.jpg 1024w, http:\/\/leliseron.com\/wp-content\/uploads\/2026\/01\/Cheque_CarrefourChalezeule-300x230.jpg 300w, http:\/\/leliseron.com\/wp-content\/uploads\/2026\/01\/Cheque_CarrefourChalezeule-768x588.jpg 768w, http:\/\/leliseron.com\/wp-content\/uploads\/2026\/01\/Cheque_CarrefourChalezeule-700x536.jpg 700w, http:\/\/leliseron.com\/wp-content\/uploads\/2026\/01\/Cheque_CarrefourChalezeule.jpg 1200w\" sizes=\"auto, (max-width: 1024px) 100vw, 1024px\" \/><\/a><\/figure>\n\n\n\n<p class=\"has-text-align-center\"><br>Merci \u00e0 eux pour leurs engagements, leur accueil et leur gentillesse.<\/p>\n","protected":false},"excerpt":{"rendered":"<p>D\u00e9but d\u00e9cembre, le directeur de Carrefour Chalezeule de Besan\u00e7on et son personnel nous ont remis un de ch\u00e8que de 2536\u00a0\u20ac pour l\u2019action qu\u2019ils ont organis\u00e9s fin mai et d\u00e9but juin 2025 pour notre association. Merci \u00e0 eux pour leurs engagements, leur accueil et leur gentillesse.<\/p>\n","protected":false},"author":1,"featured_media":4795,"comment_status":"closed","ping_status":"open","sticky":false,"template":"","format":"standard","meta":{"footnotes":""},"categories":[57,14,4],"tags":[],"class_list":["post-4790","post","type-post","status-publish","format-standard","has-post-thumbnail","hentry","category-a-la-une","category-actions-particulieres","category-actualites","column","threecol","has-thumbnail"],"_links":{"self":[{"href":"http:\/\/leliseron.com\/index.php?rest_route=\/wp\/v2\/posts\/4790","targetHints":{"allow":["GET"]}}],"collection":[{"href":"http:\/\/leliseron.com\/index.php?rest_route=\/wp\/v2\/posts"}],"about":[{"href":"http:\/\/leliseron.com\/index.php?rest_route=\/wp\/v2\/types\/post"}],"author":[{"embeddable":true,"href":"http:\/\/leliseron.com\/index.php?rest_route=\/wp\/v2\/users\/1"}],"replies":[{"embeddable":true,"href":"http:\/\/leliseron.com\/index.php?rest_route=%2Fwp%2Fv2%2Fcomments&post=4790"}],"version-history":[{"count":5,"href":"http:\/\/leliseron.com\/index.php?rest_route=\/wp\/v2\/posts\/4790\/revisions"}],"predecessor-version":[{"id":4797,"href":"http:\/\/leliseron.com\/index.php?rest_route=\/wp\/v2\/posts\/4790\/revisions\/4797"}],"wp:featuredmedia":[{"embeddable":true,"href":"http:\/\/leliseron.com\/index.php?rest_route=\/wp\/v2\/media\/4795"}],"wp:attachment":[{"href":"http:\/\/leliseron.com\/index.php?rest_route=%2Fwp%2Fv2%2Fmedia&parent=4790"}],"wp:term":[{"taxonomy":"category","embeddable":true,"href":"http:\/\/leliseron.com\/index.php?rest_route=%2Fwp%2Fv2%2Fcategories&post=4790"},{"taxonomy":"post_tag","embeddable":true,"href":"http:\/\/leliseron.com\/index.php?rest_route=%2Fwp%2Fv2%2Ftags&post=4790"}],"curies":[{"name":"wp","href":"https:\/\/api.w.org\/{rel}","templated":true}]}}