{"id":4768,"date":"2025-11-13T12:48:19","date_gmt":"2025-11-13T11:48:19","guid":{"rendered":"http:\/\/leliseron.com\/?p=4768"},"modified":"2025-11-13T12:51:33","modified_gmt":"2025-11-13T11:51:33","slug":"promesse-film-documentaire-2025","status":"publish","type":"post","link":"http:\/\/leliseron.com\/?p=4768","title":{"rendered":"Promesse &#8211; Film documentaire 2025"},"content":{"rendered":"<div class=\"wp-block-image\">\n<figure class=\"aligncenter size-large is-resized\"><a href=\"http:\/\/leliseron.com\/wp-content\/uploads\/2025\/11\/Affiche_Promesse.jpg\" target=\"_blank\" rel=\" noreferrer noopener\"><img loading=\"lazy\" decoding=\"async\" width=\"716\" height=\"1024\" src=\"http:\/\/leliseron.com\/wp-content\/uploads\/2025\/11\/Affiche_Promesse-716x1024.jpg\" alt=\"\" class=\"wp-image-4767\" style=\"width:527px;height:auto\" srcset=\"http:\/\/leliseron.com\/wp-content\/uploads\/2025\/11\/Affiche_Promesse-716x1024.jpg 716w, http:\/\/leliseron.com\/wp-content\/uploads\/2025\/11\/Affiche_Promesse-210x300.jpg 210w, http:\/\/leliseron.com\/wp-content\/uploads\/2025\/11\/Affiche_Promesse-768x1098.jpg 768w, http:\/\/leliseron.com\/wp-content\/uploads\/2025\/11\/Affiche_Promesse-1074x1536.jpg 1074w, http:\/\/leliseron.com\/wp-content\/uploads\/2025\/11\/Affiche_Promesse-700x1001.jpg 700w, http:\/\/leliseron.com\/wp-content\/uploads\/2025\/11\/Affiche_Promesse.jpg 1119w\" sizes=\"auto, (max-width: 716px) 100vw, 716px\" \/><\/a><\/figure>\n<\/div>\n\n\n<p>Laur\u00e8ne, 22 ans, laisse derri\u00e8re elle l&rsquo;image d&rsquo;une soif de vie d\u00e9bordante malgr\u00e9 la maladie, ainsi que des dizaines d&rsquo;heures de vid\u00e9os qu&rsquo;elle avait tourn\u00e9es pour partager son histoire. Personne n&rsquo;a jamais vu ses images et ils s&rsquo;\u00e9taient promis d&rsquo;en faire un film avec son fr\u00e8re jumeau. Sur les traces de sa s\u0153ur, Thomas d\u00e9cide alors d&rsquo;interroger sa m\u00e9moire, celle de sa famille et de r\u00e9aliser sa promesse.<\/p>\n\n\n\n<p><\/p>\n\n\n\n<p class=\"has-text-align-center\"><strong>VENDREDI 14 NOVEMBRE  \u00c0 20 H <br>AU MEGARAMA BEAUX-ARTS DE BESAN\u00c7ON<\/strong><\/p>\n\n\n\n<p>Date de sortie : 23 avril 2025 (France)<br>R\u00e9alisateur : Thomas Hug De Larauze<br>Dur\u00e9e : 1h 31m<br>Soci\u00e9t\u00e9 de production : Paraiso Production<\/p>\n","protected":false},"excerpt":{"rendered":"<p>Laur\u00e8ne, 22 ans, laisse derri\u00e8re elle l&rsquo;image d&rsquo;une soif de vie d\u00e9bordante malgr\u00e9 la maladie, ainsi que des dizaines d&rsquo;heures de vid\u00e9os qu&rsquo;elle avait tourn\u00e9es pour partager son histoire. Personne n&rsquo;a jamais vu ses images et ils s&rsquo;\u00e9taient promis d&rsquo;en faire un film avec son fr\u00e8re jumeau. Sur les traces &#8230;<\/p>\n","protected":false},"author":1,"featured_media":4770,"comment_status":"closed","ping_status":"open","sticky":false,"template":"","format":"standard","meta":{"footnotes":""},"categories":[4],"tags":[],"class_list":["post-4768","post","type-post","status-publish","format-standard","has-post-thumbnail","hentry","category-actualites","column","threecol","has-thumbnail"],"_links":{"self":[{"href":"http:\/\/leliseron.com\/index.php?rest_route=\/wp\/v2\/posts\/4768","targetHints":{"allow":["GET"]}}],"collection":[{"href":"http:\/\/leliseron.com\/index.php?rest_route=\/wp\/v2\/posts"}],"about":[{"href":"http:\/\/leliseron.com\/index.php?rest_route=\/wp\/v2\/types\/post"}],"author":[{"embeddable":true,"href":"http:\/\/leliseron.com\/index.php?rest_route=\/wp\/v2\/users\/1"}],"replies":[{"embeddable":true,"href":"http:\/\/leliseron.com\/index.php?rest_route=%2Fwp%2Fv2%2Fcomments&post=4768"}],"version-history":[{"count":2,"href":"http:\/\/leliseron.com\/index.php?rest_route=\/wp\/v2\/posts\/4768\/revisions"}],"predecessor-version":[{"id":4772,"href":"http:\/\/leliseron.com\/index.php?rest_route=\/wp\/v2\/posts\/4768\/revisions\/4772"}],"wp:featuredmedia":[{"embeddable":true,"href":"http:\/\/leliseron.com\/index.php?rest_route=\/wp\/v2\/media\/4770"}],"wp:attachment":[{"href":"http:\/\/leliseron.com\/index.php?rest_route=%2Fwp%2Fv2%2Fmedia&parent=4768"}],"wp:term":[{"taxonomy":"category","embeddable":true,"href":"http:\/\/leliseron.com\/index.php?rest_route=%2Fwp%2Fv2%2Fcategories&post=4768"},{"taxonomy":"post_tag","embeddable":true,"href":"http:\/\/leliseron.com\/index.php?rest_route=%2Fwp%2Fv2%2Ftags&post=4768"}],"curies":[{"name":"wp","href":"https:\/\/api.w.org\/{rel}","templated":true}]}}