{"id":4726,"date":"2025-10-17T11:14:14","date_gmt":"2025-10-17T09:14:14","guid":{"rendered":"http:\/\/leliseron.com\/?p=4726"},"modified":"2025-10-17T11:21:51","modified_gmt":"2025-10-17T09:21:51","slug":"septembre-en-or-au-chu-de-besancon","status":"publish","type":"post","link":"http:\/\/leliseron.com\/?p=4726","title":{"rendered":"Septembre en or au\u00a0CHU de Besan\u00e7on"},"content":{"rendered":"\n<p class=\"has-text-align-center\"><\/p>\n\n\n\n<figure class=\"wp-block-image size-large\"><a href=\"http:\/\/leliseron.com\/wp-content\/uploads\/2025\/10\/Septembre-en-Or_1.jpg\" target=\"_blank\" rel=\" noreferrer noopener\"><img loading=\"lazy\" decoding=\"async\" width=\"1024\" height=\"663\" src=\"http:\/\/leliseron.com\/wp-content\/uploads\/2025\/10\/Septembre-en-Or_1-1024x663.jpg\" alt=\"\" class=\"wp-image-4728\" srcset=\"http:\/\/leliseron.com\/wp-content\/uploads\/2025\/10\/Septembre-en-Or_1-1024x663.jpg 1024w, http:\/\/leliseron.com\/wp-content\/uploads\/2025\/10\/Septembre-en-Or_1-300x194.jpg 300w, http:\/\/leliseron.com\/wp-content\/uploads\/2025\/10\/Septembre-en-Or_1-768x497.jpg 768w, http:\/\/leliseron.com\/wp-content\/uploads\/2025\/10\/Septembre-en-Or_1-1536x995.jpg 1536w, http:\/\/leliseron.com\/wp-content\/uploads\/2025\/10\/Septembre-en-Or_1-700x453.jpg 700w, http:\/\/leliseron.com\/wp-content\/uploads\/2025\/10\/Septembre-en-Or_1.jpg 1800w\" sizes=\"auto, (max-width: 1024px) 100vw, 1024px\" \/><\/a><\/figure>\n\n\n\n<p><br>Le CHU de Besan\u00e7on a organis\u00e9 une journ\u00e9e d&rsquo;information sur les cancers p\u00e9diatriques le 10\u00a0septembre dernier, dans le cadre de la campagne <strong>\u00ab\u00a0Septembre en Or\u00a0\u00bb<\/strong>. Cet \u00e9v\u00e9nement s&rsquo;inscrit dans un mouvement international de sensibilisation aux cancers de l&rsquo;enfant, de l&rsquo;adolescent et du jeune adulte<\/p>\n\n\n\n<p>La journ\u00e9e s&rsquo;est d\u00e9roul\u00e9e dans le hall de l&rsquo;h\u00f4pital Jean-Minjoz, de 9\u00a0h\u00a030 \u00e0 17\u00a0h. Plusieurs stands d\u2019information \u00e9taient anim\u00e9s par des professionnels de sant\u00e9 et des associations partenaires, <br>dont Le Liseron.<\/p>\n\n\n<div class=\"wp-block-image\">\n<figure class=\"aligncenter size-large is-resized\"><a href=\"http:\/\/leliseron.com\/wp-content\/uploads\/2025\/10\/Septembre-en-Or_2-1.jpg\" target=\"_blank\" rel=\" noreferrer noopener\"><img loading=\"lazy\" decoding=\"async\" width=\"771\" height=\"1024\" src=\"http:\/\/leliseron.com\/wp-content\/uploads\/2025\/10\/Septembre-en-Or_2-1-771x1024.jpg\" alt=\"\" class=\"wp-image-4729\" style=\"width:563px;height:auto\" srcset=\"http:\/\/leliseron.com\/wp-content\/uploads\/2025\/10\/Septembre-en-Or_2-1-771x1024.jpg 771w, http:\/\/leliseron.com\/wp-content\/uploads\/2025\/10\/Septembre-en-Or_2-1-226x300.jpg 226w, http:\/\/leliseron.com\/wp-content\/uploads\/2025\/10\/Septembre-en-Or_2-1-768x1020.jpg 768w, http:\/\/leliseron.com\/wp-content\/uploads\/2025\/10\/Septembre-en-Or_2-1-1157x1536.jpg 1157w, http:\/\/leliseron.com\/wp-content\/uploads\/2025\/10\/Septembre-en-Or_2-1-700x929.jpg 700w, http:\/\/leliseron.com\/wp-content\/uploads\/2025\/10\/Septembre-en-Or_2-1.jpg 1205w\" sizes=\"auto, (max-width: 771px) 100vw, 771px\" \/><\/a><\/figure>\n<\/div>\n\n\n<p><\/p>\n\n\n<div class=\"wp-block-image\">\n<figure class=\"aligncenter size-full is-resized\"><img loading=\"lazy\" decoding=\"async\" width=\"16\" height=\"15\" src=\"http:\/\/leliseron.com\/wp-content\/uploads\/2015\/06\/carre-vert.jpg\" alt=\"\" class=\"wp-image-1868\" style=\"width:22px;height:auto\"\/><\/figure>\n<\/div>\n\n\n<p class=\"has-text-align-left\"><br><br>En savoir +  : <a href=\"https:\/\/www.macommune.info\/une-journee-dinformation-sur-les-cancers-pediatriques-le-10-septembre-au-chu-de-besancon\/\">https:\/\/www.macommune.info\/une-journee-dinformation-sur-les-cancers-pediatriques-le-10-septembre-au-chu-de-besancon\/<\/a><\/p>\n\n\n\n<p><\/p>\n","protected":false},"excerpt":{"rendered":"<p>Le CHU de Besan\u00e7on a organis\u00e9 une journ\u00e9e d&rsquo;information sur les cancers p\u00e9diatriques le 10\u00a0septembre dernier, dans le cadre de la campagne \u00ab\u00a0Septembre en Or\u00a0\u00bb. Cet \u00e9v\u00e9nement s&rsquo;inscrit dans un mouvement international de sensibilisation aux cancers de l&rsquo;enfant, de l&rsquo;adolescent et du jeune adulte La journ\u00e9e s&rsquo;est d\u00e9roul\u00e9e dans le &#8230;<\/p>\n","protected":false},"author":1,"featured_media":4728,"comment_status":"closed","ping_status":"open","sticky":false,"template":"","format":"standard","meta":{"footnotes":""},"categories":[17],"tags":[],"class_list":["post-4726","post","type-post","status-publish","format-standard","has-post-thumbnail","hentry","category-manifestations-hopital","column","threecol","has-thumbnail"],"_links":{"self":[{"href":"http:\/\/leliseron.com\/index.php?rest_route=\/wp\/v2\/posts\/4726","targetHints":{"allow":["GET"]}}],"collection":[{"href":"http:\/\/leliseron.com\/index.php?rest_route=\/wp\/v2\/posts"}],"about":[{"href":"http:\/\/leliseron.com\/index.php?rest_route=\/wp\/v2\/types\/post"}],"author":[{"embeddable":true,"href":"http:\/\/leliseron.com\/index.php?rest_route=\/wp\/v2\/users\/1"}],"replies":[{"embeddable":true,"href":"http:\/\/leliseron.com\/index.php?rest_route=%2Fwp%2Fv2%2Fcomments&post=4726"}],"version-history":[{"count":7,"href":"http:\/\/leliseron.com\/index.php?rest_route=\/wp\/v2\/posts\/4726\/revisions"}],"predecessor-version":[{"id":4739,"href":"http:\/\/leliseron.com\/index.php?rest_route=\/wp\/v2\/posts\/4726\/revisions\/4739"}],"wp:featuredmedia":[{"embeddable":true,"href":"http:\/\/leliseron.com\/index.php?rest_route=\/wp\/v2\/media\/4728"}],"wp:attachment":[{"href":"http:\/\/leliseron.com\/index.php?rest_route=%2Fwp%2Fv2%2Fmedia&parent=4726"}],"wp:term":[{"taxonomy":"category","embeddable":true,"href":"http:\/\/leliseron.com\/index.php?rest_route=%2Fwp%2Fv2%2Fcategories&post=4726"},{"taxonomy":"post_tag","embeddable":true,"href":"http:\/\/leliseron.com\/index.php?rest_route=%2Fwp%2Fv2%2Ftags&post=4726"}],"curies":[{"name":"wp","href":"https:\/\/api.w.org\/{rel}","templated":true}]}}