{"id":4718,"date":"2025-07-25T18:59:02","date_gmt":"2025-07-25T16:59:02","guid":{"rendered":"http:\/\/leliseron.com\/?p=4718"},"modified":"2025-07-25T18:59:03","modified_gmt":"2025-07-25T16:59:03","slug":"loto-de-bucey-les-gy","status":"publish","type":"post","link":"http:\/\/leliseron.com\/?p=4718","title":{"rendered":"Loto de Bucey-l\u00e8s-Gy"},"content":{"rendered":"\n<p>Le 19 juillet dernier s&rsquo;est d\u00e9roul\u00e9 le loto de Bucey-l\u00e8s-Gy au profit du LIseron.<\/p>\n\n\n\n<p>195 participants ont \u00e9t\u00e9 enregistr\u00e9s !<\/p>\n\n\n\n<p><\/p>\n\n\n\n<p>Merci \u00e0 eux.<\/p>\n\n\n<div class=\"wp-block-image\">\n<figure class=\"aligncenter size-large is-resized\"><a href=\"http:\/\/leliseron.com\/wp-content\/uploads\/2025\/07\/LOTO_Bucey-les-Gy_19-07-25.jpg\" target=\"_blank\" rel=\"noreferrer noopener\"><img loading=\"lazy\" decoding=\"async\" src=\"http:\/\/leliseron.com\/wp-content\/uploads\/2025\/07\/LOTO_Bucey-les-Gy_19-07-25-768x1024.jpg\" alt=\"\" class=\"wp-image-4719\" width=\"576\" height=\"768\" srcset=\"http:\/\/leliseron.com\/wp-content\/uploads\/2025\/07\/LOTO_Bucey-les-Gy_19-07-25-768x1024.jpg 768w, http:\/\/leliseron.com\/wp-content\/uploads\/2025\/07\/LOTO_Bucey-les-Gy_19-07-25-225x300.jpg 225w, http:\/\/leliseron.com\/wp-content\/uploads\/2025\/07\/LOTO_Bucey-les-Gy_19-07-25-700x933.jpg 700w, http:\/\/leliseron.com\/wp-content\/uploads\/2025\/07\/LOTO_Bucey-les-Gy_19-07-25.jpg 1000w\" sizes=\"auto, (max-width: 576px) 100vw, 576px\" \/><\/a><\/figure>\n<\/div>","protected":false},"excerpt":{"rendered":"<p>Le 19 juillet dernier s&rsquo;est d\u00e9roul\u00e9 le loto de Bucey-l\u00e8s-Gy au profit du LIseron. 195 participants ont \u00e9t\u00e9 enregistr\u00e9s ! Merci \u00e0 eux.<\/p>\n","protected":false},"author":1,"featured_media":4719,"comment_status":"closed","ping_status":"open","sticky":false,"template":"","format":"standard","meta":{"footnotes":""},"categories":[15,9,4],"tags":[],"class_list":["post-4718","post","type-post","status-publish","format-standard","has-post-thumbnail","hentry","category-manifestation-exterieure","category-reportage-photo","category-actualites","column","threecol","has-thumbnail"],"_links":{"self":[{"href":"http:\/\/leliseron.com\/index.php?rest_route=\/wp\/v2\/posts\/4718","targetHints":{"allow":["GET"]}}],"collection":[{"href":"http:\/\/leliseron.com\/index.php?rest_route=\/wp\/v2\/posts"}],"about":[{"href":"http:\/\/leliseron.com\/index.php?rest_route=\/wp\/v2\/types\/post"}],"author":[{"embeddable":true,"href":"http:\/\/leliseron.com\/index.php?rest_route=\/wp\/v2\/users\/1"}],"replies":[{"embeddable":true,"href":"http:\/\/leliseron.com\/index.php?rest_route=%2Fwp%2Fv2%2Fcomments&post=4718"}],"version-history":[{"count":2,"href":"http:\/\/leliseron.com\/index.php?rest_route=\/wp\/v2\/posts\/4718\/revisions"}],"predecessor-version":[{"id":4721,"href":"http:\/\/leliseron.com\/index.php?rest_route=\/wp\/v2\/posts\/4718\/revisions\/4721"}],"wp:featuredmedia":[{"embeddable":true,"href":"http:\/\/leliseron.com\/index.php?rest_route=\/wp\/v2\/media\/4719"}],"wp:attachment":[{"href":"http:\/\/leliseron.com\/index.php?rest_route=%2Fwp%2Fv2%2Fmedia&parent=4718"}],"wp:term":[{"taxonomy":"category","embeddable":true,"href":"http:\/\/leliseron.com\/index.php?rest_route=%2Fwp%2Fv2%2Fcategories&post=4718"},{"taxonomy":"post_tag","embeddable":true,"href":"http:\/\/leliseron.com\/index.php?rest_route=%2Fwp%2Fv2%2Ftags&post=4718"}],"curies":[{"name":"wp","href":"https:\/\/api.w.org\/{rel}","templated":true}]}}