{"id":4649,"date":"2025-06-16T22:50:30","date_gmt":"2025-06-16T20:50:30","guid":{"rendered":"http:\/\/leliseron.com\/?p=4649"},"modified":"2025-06-16T22:53:12","modified_gmt":"2025-06-16T20:53:12","slug":"trail-du-mont-dor-2025","status":"publish","type":"post","link":"http:\/\/leliseron.com\/?p=4649","title":{"rendered":"Th\u00e9o au Trail du Mont\u00a0d&rsquo;Or\u00a02025"},"content":{"rendered":"\n<p>Th\u00e9o Jones fini 129e sur plus de 600 participants \u00e0 l&rsquo;une des courses du Trail du Mont d&rsquo;Or.<\/p>\n\n\n<div class=\"wp-block-image\">\n<figure class=\"aligncenter size-large is-resized\"><a href=\"http:\/\/leliseron.com\/wp-content\/uploads\/2025\/06\/IMG_20250616_182923.jpg\" target=\"_blank\" rel=\"noreferrer noopener\"><img loading=\"lazy\" decoding=\"async\" src=\"http:\/\/leliseron.com\/wp-content\/uploads\/2025\/06\/IMG_20250616_182923-1024x897.jpg\" alt=\"\" class=\"wp-image-4651\" width=\"768\" height=\"673\" srcset=\"http:\/\/leliseron.com\/wp-content\/uploads\/2025\/06\/IMG_20250616_182923-1024x897.jpg 1024w, http:\/\/leliseron.com\/wp-content\/uploads\/2025\/06\/IMG_20250616_182923-300x263.jpg 300w, http:\/\/leliseron.com\/wp-content\/uploads\/2025\/06\/IMG_20250616_182923-768x673.jpg 768w, http:\/\/leliseron.com\/wp-content\/uploads\/2025\/06\/IMG_20250616_182923-700x613.jpg 700w, http:\/\/leliseron.com\/wp-content\/uploads\/2025\/06\/IMG_20250616_182923.jpg 1491w\" sizes=\"auto, (max-width: 768px) 100vw, 768px\" \/><\/a><\/figure>\n<\/div>\n\n\n<p class=\"has-text-align-center\"><br>Son commentaire \u00e0 l&rsquo;arriv\u00e9e :<br><strong>Pas facile, mais c\u2019\u00e9tait bien !<\/strong><br><br><br>L&rsquo;organisation d&rsquo;une cagnotte a l&rsquo;occasion de cette course de Th\u00e9o <br>a permis de r\u00e9colter plus de <strong>450 \u20ac<\/strong> pour l&rsquo;association Le Liseron.<\/p>\n","protected":false},"excerpt":{"rendered":"<p>Th\u00e9o Jones fini 129e sur plus de 600 participants \u00e0 l&rsquo;une des courses du Trail du Mont d&rsquo;Or. Son commentaire \u00e0 l&rsquo;arriv\u00e9e :Pas facile, mais c\u2019\u00e9tait bien ! L&rsquo;organisation d&rsquo;une cagnotte a l&rsquo;occasion de cette course de Th\u00e9o a permis de r\u00e9colter plus de 450 \u20ac pour l&rsquo;association Le Liseron.<\/p>\n","protected":false},"author":1,"featured_media":4651,"comment_status":"closed","ping_status":"open","sticky":false,"template":"","format":"standard","meta":{"footnotes":""},"categories":[4],"tags":[],"class_list":["post-4649","post","type-post","status-publish","format-standard","has-post-thumbnail","hentry","category-actualites","column","threecol","has-thumbnail"],"_links":{"self":[{"href":"http:\/\/leliseron.com\/index.php?rest_route=\/wp\/v2\/posts\/4649","targetHints":{"allow":["GET"]}}],"collection":[{"href":"http:\/\/leliseron.com\/index.php?rest_route=\/wp\/v2\/posts"}],"about":[{"href":"http:\/\/leliseron.com\/index.php?rest_route=\/wp\/v2\/types\/post"}],"author":[{"embeddable":true,"href":"http:\/\/leliseron.com\/index.php?rest_route=\/wp\/v2\/users\/1"}],"replies":[{"embeddable":true,"href":"http:\/\/leliseron.com\/index.php?rest_route=%2Fwp%2Fv2%2Fcomments&post=4649"}],"version-history":[{"count":5,"href":"http:\/\/leliseron.com\/index.php?rest_route=\/wp\/v2\/posts\/4649\/revisions"}],"predecessor-version":[{"id":4655,"href":"http:\/\/leliseron.com\/index.php?rest_route=\/wp\/v2\/posts\/4649\/revisions\/4655"}],"wp:featuredmedia":[{"embeddable":true,"href":"http:\/\/leliseron.com\/index.php?rest_route=\/wp\/v2\/media\/4651"}],"wp:attachment":[{"href":"http:\/\/leliseron.com\/index.php?rest_route=%2Fwp%2Fv2%2Fmedia&parent=4649"}],"wp:term":[{"taxonomy":"category","embeddable":true,"href":"http:\/\/leliseron.com\/index.php?rest_route=%2Fwp%2Fv2%2Fcategories&post=4649"},{"taxonomy":"post_tag","embeddable":true,"href":"http:\/\/leliseron.com\/index.php?rest_route=%2Fwp%2Fv2%2Ftags&post=4649"}],"curies":[{"name":"wp","href":"https:\/\/api.w.org\/{rel}","templated":true}]}}