{"id":4575,"date":"2025-05-27T19:13:01","date_gmt":"2025-05-27T17:13:01","guid":{"rendered":"http:\/\/leliseron.com\/?p=4575"},"modified":"2025-05-27T22:27:35","modified_gmt":"2025-05-27T20:27:35","slug":"faites-un-don-au-liseron-a-loccasion-du-trail-du-mont-dor-du-15-juin-2025","status":"publish","type":"post","link":"http:\/\/leliseron.com\/?p=4575","title":{"rendered":"Faites un don au Liseron \u00e0 l&rsquo;occasion du\u00a0Trail du Mont d&rsquo;Or du\u00a015 juin 2025"},"content":{"rendered":"\n<p class=\"has-text-align-center\"><strong>Trail du Mont d&rsquo;Or \/ pour Le Liseron \/ <strong><strong>D<\/strong><\/strong>imanche&nbsp;15&nbsp;juin&nbsp;2025<\/strong><\/p>\n\n\n\n<p>A l&rsquo;occasion du trail du Mont d&rsquo;Or, Une action est organis\u00e9e par Th\u00e9o : une collecte en hommage \u00e0 son papa.<\/p>\n\n\n\n<p>Le sport a toujours occup\u00e9 une place centrale dans la vie de Th\u00e9o. C\u2019est une passion qu&rsquo;il a partag\u00e9e avec son papa, d\u2019abord autour du football, des sorties VTT du dimanche, puis plus r\u00e9cemment \u00e0 travers le surf.<\/p>\n\n\n\n<p>Son <a><\/a>papa a men\u00e9 un long et courageux combat contre un lymphome. Le 16 novembre dernier, il nous a quitt\u00e9s, laissant derri\u00e8re lui un vide immense\u2026 mais aussi une force et une inspiration qui continuent de porter Th\u00e9o.<\/p>\n\n\n\n<p>Le <strong>15 JUIN PROCHAIN [JOUR DE LA F\u00caTE DES P\u00c8RES]<\/strong>, il participera au trail du Mont d\u2019Or. \u00c0 cette occasion, il souhaite lui rendre hommage d\u2019une mani\u00e8re qui a du sens pour lui et, peut-\u00eatre, pour d\u2019autres : en lan\u00e7ant une collecte de dons au profit de l\u2019association Le Liseron.<\/p>\n\n\n\n<p>Cette association soutient les patients atteints de cancer ainsi que leurs proches. En contribuant, vous aiderez \u00e0 honorer la m\u00e9moire de son papa, \u00e0 saluer son courage et \u00e0 accompagner toutes les familles qui traversent, aujourd\u2019hui encore, ces \u00e9preuves.<\/p>\n\n\n\n<p>Merci du fond du c\u0153ur \u00e0 celles et ceux qui participeront.<br><br><\/p>\n\n\n\n<iframe id=\"haWidget\" allowtransparency=\"true\" src=\"https:\/\/www.helloasso.com\/associations\/le-liseron\/formulaires\/2\/widget-bouton\" style=\"width: 100%; height: 70px; border: none;\" onload=\"window.addEventListener( 'message', e => { const dataHeight = e.data.height; const haWidgetElement = document.getElementById(&lsquo;haWidget&rsquo;); haWidgetElement.height = dataHeight + &lsquo;px&rsquo;; } )\u00a0\u00bb ><\/iframe>\n\n\n<div class=\"wp-block-image\">\n<figure class=\"aligncenter size-full is-resized\"><img loading=\"lazy\" decoding=\"async\" src=\"http:\/\/leliseron.com\/wp-content\/uploads\/2025\/05\/qrcode-1.png\" alt=\"\" class=\"wp-image-4594\" width=\"300\" height=\"300\" srcset=\"http:\/\/leliseron.com\/wp-content\/uploads\/2025\/05\/qrcode-1.png 600w, http:\/\/leliseron.com\/wp-content\/uploads\/2025\/05\/qrcode-1-300x300.png 300w, http:\/\/leliseron.com\/wp-content\/uploads\/2025\/05\/qrcode-1-150x150.png 150w, http:\/\/leliseron.com\/wp-content\/uploads\/2025\/05\/qrcode-1-432x432.png 432w, http:\/\/leliseron.com\/wp-content\/uploads\/2025\/05\/qrcode-1-268x268.png 268w\" sizes=\"auto, (max-width: 300px) 100vw, 300px\" \/><\/figure>\n<\/div>","protected":false},"excerpt":{"rendered":"<p>Trail du Mont d&rsquo;Or \/ pour Le Liseron \/ Dimanche&nbsp;15&nbsp;juin&nbsp;2025 A l&rsquo;occasion du trail du Mont d&rsquo;Or, Une action est organis\u00e9e par Th\u00e9o : une collecte en hommage \u00e0 son papa. Le sport a toujours occup\u00e9 une place centrale dans la vie de Th\u00e9o. C\u2019est une passion qu&rsquo;il a partag\u00e9e &#8230;<\/p>\n","protected":false},"author":1,"featured_media":4581,"comment_status":"closed","ping_status":"open","sticky":false,"template":"","format":"standard","meta":{"footnotes":""},"categories":[4],"tags":[],"class_list":["post-4575","post","type-post","status-publish","format-standard","has-post-thumbnail","hentry","category-actualites","column","threecol","has-thumbnail"],"_links":{"self":[{"href":"http:\/\/leliseron.com\/index.php?rest_route=\/wp\/v2\/posts\/4575","targetHints":{"allow":["GET"]}}],"collection":[{"href":"http:\/\/leliseron.com\/index.php?rest_route=\/wp\/v2\/posts"}],"about":[{"href":"http:\/\/leliseron.com\/index.php?rest_route=\/wp\/v2\/types\/post"}],"author":[{"embeddable":true,"href":"http:\/\/leliseron.com\/index.php?rest_route=\/wp\/v2\/users\/1"}],"replies":[{"embeddable":true,"href":"http:\/\/leliseron.com\/index.php?rest_route=%2Fwp%2Fv2%2Fcomments&post=4575"}],"version-history":[{"count":13,"href":"http:\/\/leliseron.com\/index.php?rest_route=\/wp\/v2\/posts\/4575\/revisions"}],"predecessor-version":[{"id":4595,"href":"http:\/\/leliseron.com\/index.php?rest_route=\/wp\/v2\/posts\/4575\/revisions\/4595"}],"wp:featuredmedia":[{"embeddable":true,"href":"http:\/\/leliseron.com\/index.php?rest_route=\/wp\/v2\/media\/4581"}],"wp:attachment":[{"href":"http:\/\/leliseron.com\/index.php?rest_route=%2Fwp%2Fv2%2Fmedia&parent=4575"}],"wp:term":[{"taxonomy":"category","embeddable":true,"href":"http:\/\/leliseron.com\/index.php?rest_route=%2Fwp%2Fv2%2Fcategories&post=4575"},{"taxonomy":"post_tag","embeddable":true,"href":"http:\/\/leliseron.com\/index.php?rest_route=%2Fwp%2Fv2%2Ftags&post=4575"}],"curies":[{"name":"wp","href":"https:\/\/api.w.org\/{rel}","templated":true}]}}