{"id":4505,"date":"2025-04-29T16:34:17","date_gmt":"2025-04-29T14:34:17","guid":{"rendered":"http:\/\/leliseron.com\/?p=4505"},"modified":"2025-04-29T17:32:04","modified_gmt":"2025-04-29T15:32:04","slug":"concert-dorge-et-choeur-dhommes-du-dessoubre-a-nods-le-6-mars-2025","status":"publish","type":"post","link":"http:\/\/leliseron.com\/?p=4505","title":{"rendered":"Concert d\u2019orge et Ch\u0153ur d\u2019hommes du Dessoubre \u00e0\u00a0Nods, le 6 mars 2025"},"content":{"rendered":"<div class=\"wp-block-image\">\n<figure class=\"aligncenter size-large is-resized\"><a href=\"http:\/\/leliseron.com\/wp-content\/uploads\/2025\/04\/ConcertOrge-choeurDessoubre_avril2025.jpg\" target=\"_blank\" rel=\"noreferrer noopener\"><img loading=\"lazy\" decoding=\"async\" src=\"http:\/\/leliseron.com\/wp-content\/uploads\/2025\/04\/ConcertOrge-choeurDessoubre_avril2025-880x1024.jpg\" alt=\"\" class=\"wp-image-4506\" width=\"660\" height=\"768\" srcset=\"http:\/\/leliseron.com\/wp-content\/uploads\/2025\/04\/ConcertOrge-choeurDessoubre_avril2025-880x1024.jpg 880w, http:\/\/leliseron.com\/wp-content\/uploads\/2025\/04\/ConcertOrge-choeurDessoubre_avril2025-258x300.jpg 258w, http:\/\/leliseron.com\/wp-content\/uploads\/2025\/04\/ConcertOrge-choeurDessoubre_avril2025-768x893.jpg 768w, http:\/\/leliseron.com\/wp-content\/uploads\/2025\/04\/ConcertOrge-choeurDessoubre_avril2025-700x814.jpg 700w, http:\/\/leliseron.com\/wp-content\/uploads\/2025\/04\/ConcertOrge-choeurDessoubre_avril2025.jpg 1188w\" sizes=\"auto, (max-width: 660px) 100vw, 660px\" \/><\/a><figcaption class=\"wp-element-caption\">    <\/figcaption><\/figure>\n<\/div>\n\n\n<p class=\"has-text-align-center\">Concert d\u2019orge et Ch\u0153ur d\u2019hommes du Dessoubre \u00e0 Nods <br>organis\u00e9s par le <strong>Lions vall\u00e9e de la loue<\/strong> <br>pour <strong>Le Liseron<\/strong> le 6 mars 2025.<\/p>\n","protected":false},"excerpt":{"rendered":"<p>Concert d\u2019orge et Ch\u0153ur d\u2019hommes du Dessoubre \u00e0 Nods organis\u00e9s par le Lions vall\u00e9e de la loue pour Le Liseron le 6 mars 2025.<\/p>\n","protected":false},"author":1,"featured_media":4506,"comment_status":"closed","ping_status":"open","sticky":false,"template":"","format":"standard","meta":{"footnotes":""},"categories":[14,15,4],"tags":[],"class_list":["post-4505","post","type-post","status-publish","format-standard","has-post-thumbnail","hentry","category-actions-particulieres","category-manifestation-exterieure","category-actualites","column","threecol","has-thumbnail"],"_links":{"self":[{"href":"http:\/\/leliseron.com\/index.php?rest_route=\/wp\/v2\/posts\/4505","targetHints":{"allow":["GET"]}}],"collection":[{"href":"http:\/\/leliseron.com\/index.php?rest_route=\/wp\/v2\/posts"}],"about":[{"href":"http:\/\/leliseron.com\/index.php?rest_route=\/wp\/v2\/types\/post"}],"author":[{"embeddable":true,"href":"http:\/\/leliseron.com\/index.php?rest_route=\/wp\/v2\/users\/1"}],"replies":[{"embeddable":true,"href":"http:\/\/leliseron.com\/index.php?rest_route=%2Fwp%2Fv2%2Fcomments&post=4505"}],"version-history":[{"count":4,"href":"http:\/\/leliseron.com\/index.php?rest_route=\/wp\/v2\/posts\/4505\/revisions"}],"predecessor-version":[{"id":4510,"href":"http:\/\/leliseron.com\/index.php?rest_route=\/wp\/v2\/posts\/4505\/revisions\/4510"}],"wp:featuredmedia":[{"embeddable":true,"href":"http:\/\/leliseron.com\/index.php?rest_route=\/wp\/v2\/media\/4506"}],"wp:attachment":[{"href":"http:\/\/leliseron.com\/index.php?rest_route=%2Fwp%2Fv2%2Fmedia&parent=4505"}],"wp:term":[{"taxonomy":"category","embeddable":true,"href":"http:\/\/leliseron.com\/index.php?rest_route=%2Fwp%2Fv2%2Fcategories&post=4505"},{"taxonomy":"post_tag","embeddable":true,"href":"http:\/\/leliseron.com\/index.php?rest_route=%2Fwp%2Fv2%2Ftags&post=4505"}],"curies":[{"name":"wp","href":"https:\/\/api.w.org\/{rel}","templated":true}]}}