{"id":4352,"date":"2024-02-14T22:56:04","date_gmt":"2024-02-14T21:56:04","guid":{"rendered":"http:\/\/leliseron.com\/?p=4352"},"modified":"2024-02-14T23:04:37","modified_gmt":"2024-02-14T22:04:37","slug":"4352","status":"publish","type":"post","link":"http:\/\/leliseron.com\/?p=4352","title":{"rendered":"Prochaine \u00e9tape des \u00c9tincelles \u00e0 Besan\u00e7on"},"content":{"rendered":"\n<p>Un<strong> \u00e9nooorme MERCI<\/strong> au public de Belfort qui est venu remplir \u00ab\u00a0\u00e0 ras bord\u00a0\u00bb cette grand et belle salle de la Maison du Peuple !<\/p>\n\n\n\n<p>L&rsquo;ambiance dans la salle \u00e9tait au top, et vous avez battu des records de g\u00e9n\u00e9rosit\u00e9. On a fait une tr\u00e8s tr\u00e8s belle recette, <strong>et gr\u00e2ce \u00e0 vous on va pouvoir mettre plein d&rsquo;\u00e9tincelles dans les yeux des enfants hospitalis\u00e9s !<\/strong><br>Merci, du fond du c\u0153ur !<\/p>\n\n\n\n<h3 class=\"has-text-align-center wp-block-heading\"><strong>Prochaine \u00e9tape : <\/strong><br><strong>le samedi 2 mars (20h30) et le dimanche 3 mars (15h) <\/strong><br><strong>au Grand Kursaal de BESAN\u00c7ON<\/strong><\/h3>\n\n\n<div class=\"wp-block-image is-style-default\">\n<figure class=\"aligncenter size-large is-resized\"><img loading=\"lazy\" decoding=\"async\" src=\"http:\/\/leliseron.com\/wp-content\/uploads\/2024\/02\/03-les-plumes-dhugo-2024-besancon-1-724x1024.jpg\" alt=\"\" class=\"wp-image-4354\" width=\"543\" height=\"768\" srcset=\"http:\/\/leliseron.com\/wp-content\/uploads\/2024\/02\/03-les-plumes-dhugo-2024-besancon-1-724x1024.jpg 724w, http:\/\/leliseron.com\/wp-content\/uploads\/2024\/02\/03-les-plumes-dhugo-2024-besancon-1-212x300.jpg 212w, http:\/\/leliseron.com\/wp-content\/uploads\/2024\/02\/03-les-plumes-dhugo-2024-besancon-1-768x1086.jpg 768w, http:\/\/leliseron.com\/wp-content\/uploads\/2024\/02\/03-les-plumes-dhugo-2024-besancon-1-1086x1536.jpg 1086w, http:\/\/leliseron.com\/wp-content\/uploads\/2024\/02\/03-les-plumes-dhugo-2024-besancon-1-700x990.jpg 700w, http:\/\/leliseron.com\/wp-content\/uploads\/2024\/02\/03-les-plumes-dhugo-2024-besancon-1.jpg 1131w\" sizes=\"auto, (max-width: 543px) 100vw, 543px\" \/><\/figure>\n<\/div>\n\n\n<p><\/p>\n\n\n\n<p>Pour ceux qui voudraient avoir un petit aper\u00e7u du spectacle, voici la bande annonce :<br><a href=\"https:\/\/www.youtube.com\/watch?v=RiVN0qd74zQ&amp;ab_channel=TroupeEtincelles\" target=\"_blank\" rel=\"noreferrer noopener\">Bande Annonce Etincelles 2024<\/a><\/p>\n\n\n\n<p class=\"has-text-align-center\"><\/p>\n\n\n\n<figure class=\"wp-block-gallery has-nested-images columns-1 is-cropped wp-block-gallery-1 is-layout-flex wp-block-gallery-is-layout-flex\">\n<figure class=\"wp-block-image size-large\"><a href=\"http:\/\/leliseron.com\/wp-content\/uploads\/2024\/02\/Photo-Etincelles-3.jpeg\" target=\"_blank\" rel=\"noopener\"><img loading=\"lazy\" decoding=\"async\" width=\"1024\" height=\"768\" data-id=\"4359\" src=\"http:\/\/leliseron.com\/wp-content\/uploads\/2024\/02\/Photo-Etincelles-3-1024x768.jpeg\" alt=\"\" class=\"wp-image-4359\" srcset=\"http:\/\/leliseron.com\/wp-content\/uploads\/2024\/02\/Photo-Etincelles-3-1024x768.jpeg 1024w, http:\/\/leliseron.com\/wp-content\/uploads\/2024\/02\/Photo-Etincelles-3-300x225.jpeg 300w, http:\/\/leliseron.com\/wp-content\/uploads\/2024\/02\/Photo-Etincelles-3-768x576.jpeg 768w, http:\/\/leliseron.com\/wp-content\/uploads\/2024\/02\/Photo-Etincelles-3-1536x1152.jpeg 1536w, http:\/\/leliseron.com\/wp-content\/uploads\/2024\/02\/Photo-Etincelles-3-700x525.jpeg 700w, http:\/\/leliseron.com\/wp-content\/uploads\/2024\/02\/Photo-Etincelles-3.jpeg 1600w\" sizes=\"auto, (max-width: 1024px) 100vw, 1024px\" \/><\/a><\/figure>\n\n\n\n<figure class=\"wp-block-image size-large\"><a href=\"http:\/\/leliseron.com\/wp-content\/uploads\/2024\/02\/Photo-Etincelles-2.jpeg\" target=\"_blank\" rel=\"noopener\"><img loading=\"lazy\" decoding=\"async\" width=\"1024\" height=\"768\" data-id=\"4360\" src=\"http:\/\/leliseron.com\/wp-content\/uploads\/2024\/02\/Photo-Etincelles-2-1024x768.jpeg\" alt=\"\" class=\"wp-image-4360\" srcset=\"http:\/\/leliseron.com\/wp-content\/uploads\/2024\/02\/Photo-Etincelles-2-1024x768.jpeg 1024w, http:\/\/leliseron.com\/wp-content\/uploads\/2024\/02\/Photo-Etincelles-2-300x225.jpeg 300w, http:\/\/leliseron.com\/wp-content\/uploads\/2024\/02\/Photo-Etincelles-2-768x576.jpeg 768w, http:\/\/leliseron.com\/wp-content\/uploads\/2024\/02\/Photo-Etincelles-2-1536x1152.jpeg 1536w, http:\/\/leliseron.com\/wp-content\/uploads\/2024\/02\/Photo-Etincelles-2-700x525.jpeg 700w, http:\/\/leliseron.com\/wp-content\/uploads\/2024\/02\/Photo-Etincelles-2.jpeg 1600w\" sizes=\"auto, (max-width: 1024px) 100vw, 1024px\" \/><\/a><\/figure>\n\n\n\n<figure class=\"wp-block-image size-large\"><a href=\"http:\/\/leliseron.com\/wp-content\/uploads\/2024\/02\/Photo-Etincelles-1.jpeg\" target=\"_blank\" rel=\"noopener\"><img loading=\"lazy\" decoding=\"async\" width=\"1024\" height=\"768\" data-id=\"4361\" src=\"http:\/\/leliseron.com\/wp-content\/uploads\/2024\/02\/Photo-Etincelles-1-1024x768.jpeg\" alt=\"\" class=\"wp-image-4361\" srcset=\"http:\/\/leliseron.com\/wp-content\/uploads\/2024\/02\/Photo-Etincelles-1-1024x768.jpeg 1024w, http:\/\/leliseron.com\/wp-content\/uploads\/2024\/02\/Photo-Etincelles-1-300x225.jpeg 300w, http:\/\/leliseron.com\/wp-content\/uploads\/2024\/02\/Photo-Etincelles-1-768x576.jpeg 768w, http:\/\/leliseron.com\/wp-content\/uploads\/2024\/02\/Photo-Etincelles-1-1536x1152.jpeg 1536w, http:\/\/leliseron.com\/wp-content\/uploads\/2024\/02\/Photo-Etincelles-1-700x525.jpeg 700w, http:\/\/leliseron.com\/wp-content\/uploads\/2024\/02\/Photo-Etincelles-1.jpeg 1600w\" sizes=\"auto, (max-width: 1024px) 100vw, 1024px\" \/><\/a><\/figure>\n<\/figure>\n\n\n\n<p class=\"has-text-align-center\"><strong>N&rsquo;h\u00e9sitez pas \u00e0 r\u00e9server au 07 81 63 98 45 (port.), ou par retour de mail.<\/strong><br><\/p>\n\n\n\n<p class=\"has-text-align-center\"><\/p>\n\n\n\n<p class=\"has-text-align-center\">Nous avons affich\u00e9 complet sur les dates de Port-sur-Sa\u00f4ne et Belfort, <br>on compte sur vous pour que Besan\u00e7on affiche complet \u00e9galement !<\/p>\n","protected":false},"excerpt":{"rendered":"<p>Un \u00e9nooorme MERCI au public de Belfort qui est venu remplir \u00ab\u00a0\u00e0 ras bord\u00a0\u00bb cette grand et belle salle de la Maison du Peuple ! L&rsquo;ambiance dans la salle \u00e9tait au top, et vous avez battu des records de g\u00e9n\u00e9rosit\u00e9. On a fait une tr\u00e8s tr\u00e8s belle recette, et gr\u00e2ce &#8230;<\/p>\n","protected":false},"author":1,"featured_media":4330,"comment_status":"closed","ping_status":"open","sticky":false,"template":"","format":"standard","meta":{"footnotes":""},"categories":[15,4],"tags":[],"class_list":["post-4352","post","type-post","status-publish","format-standard","has-post-thumbnail","hentry","category-manifestation-exterieure","category-actualites","column","threecol","has-thumbnail"],"_links":{"self":[{"href":"http:\/\/leliseron.com\/index.php?rest_route=\/wp\/v2\/posts\/4352","targetHints":{"allow":["GET"]}}],"collection":[{"href":"http:\/\/leliseron.com\/index.php?rest_route=\/wp\/v2\/posts"}],"about":[{"href":"http:\/\/leliseron.com\/index.php?rest_route=\/wp\/v2\/types\/post"}],"author":[{"embeddable":true,"href":"http:\/\/leliseron.com\/index.php?rest_route=\/wp\/v2\/users\/1"}],"replies":[{"embeddable":true,"href":"http:\/\/leliseron.com\/index.php?rest_route=%2Fwp%2Fv2%2Fcomments&post=4352"}],"version-history":[{"count":9,"href":"http:\/\/leliseron.com\/index.php?rest_route=\/wp\/v2\/posts\/4352\/revisions"}],"predecessor-version":[{"id":4369,"href":"http:\/\/leliseron.com\/index.php?rest_route=\/wp\/v2\/posts\/4352\/revisions\/4369"}],"wp:featuredmedia":[{"embeddable":true,"href":"http:\/\/leliseron.com\/index.php?rest_route=\/wp\/v2\/media\/4330"}],"wp:attachment":[{"href":"http:\/\/leliseron.com\/index.php?rest_route=%2Fwp%2Fv2%2Fmedia&parent=4352"}],"wp:term":[{"taxonomy":"category","embeddable":true,"href":"http:\/\/leliseron.com\/index.php?rest_route=%2Fwp%2Fv2%2Fcategories&post=4352"},{"taxonomy":"post_tag","embeddable":true,"href":"http:\/\/leliseron.com\/index.php?rest_route=%2Fwp%2Fv2%2Ftags&post=4352"}],"curies":[{"name":"wp","href":"https:\/\/api.w.org\/{rel}","templated":true}]}}