{"id":4319,"date":"2024-01-10T19:10:06","date_gmt":"2024-01-10T18:10:06","guid":{"rendered":"http:\/\/leliseron.com\/?p=4319"},"modified":"2024-01-10T19:17:58","modified_gmt":"2024-01-10T18:17:58","slug":"hommage-a-thierry-billod-laillet","status":"publish","type":"post","link":"http:\/\/leliseron.com\/?p=4319","title":{"rendered":"Hommage \u00e0 Thierry BILLOD-LAILLET"},"content":{"rendered":"<div class=\"wp-block-image\">\n<figure class=\"alignleft size-large is-resized\"><a href=\"http:\/\/leliseron.com\/wp-content\/uploads\/2024\/01\/Thierry-Billod-Laillet-r.jpg\"><img loading=\"lazy\" decoding=\"async\" src=\"http:\/\/leliseron.com\/wp-content\/uploads\/2024\/01\/Thierry-Billod-Laillet-r-768x1024.jpg\" alt=\"\" class=\"wp-image-4318\" width=\"299\" height=\"399\" srcset=\"http:\/\/leliseron.com\/wp-content\/uploads\/2024\/01\/Thierry-Billod-Laillet-r-768x1024.jpg 768w, http:\/\/leliseron.com\/wp-content\/uploads\/2024\/01\/Thierry-Billod-Laillet-r-225x300.jpg 225w, http:\/\/leliseron.com\/wp-content\/uploads\/2024\/01\/Thierry-Billod-Laillet-r-1152x1536.jpg 1152w, http:\/\/leliseron.com\/wp-content\/uploads\/2024\/01\/Thierry-Billod-Laillet-r-700x933.jpg 700w, http:\/\/leliseron.com\/wp-content\/uploads\/2024\/01\/Thierry-Billod-Laillet-r.jpg 1350w\" sizes=\"auto, (max-width: 299px) 100vw, 299px\" \/><\/a><\/figure>\n<\/div>\n\n\n<p><strong>Thierry BILLOD-LAILLET<\/strong><\/p>\n\n\n\n<p class=\"has-text-align-left\">N\u00e9 le 18\/12\/1967<\/p>\n\n\n\n<p class=\"has-text-align-left\">D\u00e9c\u00e9d\u00e9 le 15\/12\/2023\u00a0\u00a0\u00a0<br>[<em>Ses obs\u00e8ques se sont d\u00e9roul\u00e9es le 18 d\u00e9cembre 2023 aux Fins<\/em>]<\/p>\n\n\n\n<p> <\/p>\n\n\n\n<p>Thierry avait d\u00e9j\u00e0 connu la maladie en 1980 ; alors \u00e2g\u00e9 de 13\u00a0ans, il avait \u00e9t\u00e9 hospitalis\u00e9 \u00e0 l&rsquo;h\u00f4pital Saint-Jacques pour une leuc\u00e9mie.<\/p>\n\n\n\n<p>9 ans plus tard naissait le Liseron et les premi\u00e8res visites aupr\u00e8s des enfants malades et de leurs familles.<\/p>\n\n\n\n<p>Thierry est entr\u00e9 au Conseil d&rsquo;Administration de notre association le 26 f\u00e9vrier 2005 \u00e0 l&rsquo;invitation de son cousin\u00a0Claude.<\/p>\n\n\n\n<p>Thierry s&rsquo;est rapidement engag\u00e9 dans nos manifestations et notamment dans l&rsquo;organisation de la soir\u00e9e du 1er janvier \u00e0 Villers le Lac de 2006 \u00e0 2018 :<\/p>\n\n\n\n<ul class=\"wp-block-list\">\n<li> Il \u00e9tait notre interlocuteur aupr\u00e8s des commer\u00e7ants des Fins\u00a0;<\/li>\n<\/ul>\n\n\n\n<ul class=\"wp-block-list\">\n<li>Il avait r\u00e9alis\u00e9 de magnifiques d\u00e9corations de tables\u00a0;<\/li>\n<\/ul>\n\n\n\n<ul class=\"wp-block-list\">\n<li>Il posait affiches, prospectus et fl\u00e9chages\u2026\u00a0;<\/li>\n<\/ul>\n\n\n\n<ul class=\"wp-block-list\">\n<li>Et pendant la manifestation, il \u00e9tait pass\u00e9 ma\u00eetre pour faire sauter les bouchons de champagne\u2026<\/li>\n<\/ul>\n\n\n\n<p><\/p>\n\n\n\n<p>Il a \u00e9galement mis ses comp\u00e9tences de menuisier au service du Liseron en r\u00e9alisant meubles et rayonnages pour le salon des familles et le bureau de l&rsquo;association. Il participait assid\u00fbment aux conseil d&rsquo;administration et aux sorties organis\u00e9es avec les familles, notamment \u00e0 Chamonix.<br>    <\/p>\n\n\n\n<p class=\"has-text-align-center\">A vous, ses parents, ses s\u0153urs et toute la famille, <br>le Liseron pr\u00e9sente ses plus sinc\u00e8res condol\u00e9ances.<\/p>\n\n\n\n<p class=\"has-text-align-center\">Thierry, merci pour ta disponibilit\u00e9, ta discr\u00e9tion, ta gentillesse, ton amabilit\u00e9\u2026 <br>sans oublier ton sourire.<\/p>\n\n\n\n<p class=\"has-text-align-center\">Thierry, tu as rejoint ton copain Armand et Genevi\u00e8ve (r\u00e9cemment d\u00e9c\u00e9d\u00e9s), <br>et d&rsquo;autres amis du Liseron.<\/p>\n\n\n\n<p class=\"has-text-align-center\">Il y aura toujours, pour toi, une place dans nos c\u0153urs.<\/p>\n\n\n\n<p class=\"has-text-align-center\">Thierry, nous te disons A-DIEU et repose en paix.<br>\u00a0\u00a0\u00a0<\/p>\n\n\n\n<p><\/p>\n\n\n\n<p class=\"has-text-align-right\"><em>La pr\u00e9sidente \u00c9lisabeth FORGERON et Michel SIRON<\/em><\/p>\n\n\n\n<p><\/p>\n","protected":false},"excerpt":{"rendered":"<p>Thierry BILLOD-LAILLET N\u00e9 le 18\/12\/1967 D\u00e9c\u00e9d\u00e9 le 15\/12\/2023\u00a0\u00a0\u00a0[Ses obs\u00e8ques se sont d\u00e9roul\u00e9es le 18 d\u00e9cembre 2023 aux Fins] Thierry avait d\u00e9j\u00e0 connu la maladie en 1980 ; alors \u00e2g\u00e9 de 13\u00a0ans, il avait \u00e9t\u00e9 hospitalis\u00e9 \u00e0 l&rsquo;h\u00f4pital Saint-Jacques pour une leuc\u00e9mie. 9 ans plus tard naissait le Liseron et les &#8230;<\/p>\n","protected":false},"author":1,"featured_media":4318,"comment_status":"closed","ping_status":"open","sticky":false,"template":"","format":"standard","meta":{"footnotes":""},"categories":[4],"tags":[],"class_list":["post-4319","post","type-post","status-publish","format-standard","has-post-thumbnail","hentry","category-actualites","column","threecol","has-thumbnail"],"_links":{"self":[{"href":"http:\/\/leliseron.com\/index.php?rest_route=\/wp\/v2\/posts\/4319","targetHints":{"allow":["GET"]}}],"collection":[{"href":"http:\/\/leliseron.com\/index.php?rest_route=\/wp\/v2\/posts"}],"about":[{"href":"http:\/\/leliseron.com\/index.php?rest_route=\/wp\/v2\/types\/post"}],"author":[{"embeddable":true,"href":"http:\/\/leliseron.com\/index.php?rest_route=\/wp\/v2\/users\/1"}],"replies":[{"embeddable":true,"href":"http:\/\/leliseron.com\/index.php?rest_route=%2Fwp%2Fv2%2Fcomments&post=4319"}],"version-history":[{"count":9,"href":"http:\/\/leliseron.com\/index.php?rest_route=\/wp\/v2\/posts\/4319\/revisions"}],"predecessor-version":[{"id":4328,"href":"http:\/\/leliseron.com\/index.php?rest_route=\/wp\/v2\/posts\/4319\/revisions\/4328"}],"wp:featuredmedia":[{"embeddable":true,"href":"http:\/\/leliseron.com\/index.php?rest_route=\/wp\/v2\/media\/4318"}],"wp:attachment":[{"href":"http:\/\/leliseron.com\/index.php?rest_route=%2Fwp%2Fv2%2Fmedia&parent=4319"}],"wp:term":[{"taxonomy":"category","embeddable":true,"href":"http:\/\/leliseron.com\/index.php?rest_route=%2Fwp%2Fv2%2Fcategories&post=4319"},{"taxonomy":"post_tag","embeddable":true,"href":"http:\/\/leliseron.com\/index.php?rest_route=%2Fwp%2Fv2%2Ftags&post=4319"}],"curies":[{"name":"wp","href":"https:\/\/api.w.org\/{rel}","templated":true}]}}