{"id":4261,"date":"2023-11-24T17:32:33","date_gmt":"2023-11-24T16:32:33","guid":{"rendered":"http:\/\/leliseron.com\/?p=4261"},"modified":"2023-11-24T17:38:14","modified_gmt":"2023-11-24T16:38:14","slug":"groupe-de-parole-a-la-maison-des-familles","status":"publish","type":"post","link":"http:\/\/leliseron.com\/?p=4261","title":{"rendered":"Groupe de parole \u00e0 la maison des familles"},"content":{"rendered":"<div class=\"wp-block-image\">\n<figure class=\"aligncenter size-large is-resized\"><a href=\"http:\/\/leliseron.com\/wp-content\/uploads\/2023\/11\/Gateau.jpg\" target=\"_blank\" rel=\"noreferrer noopener\"><img loading=\"lazy\" decoding=\"async\" src=\"http:\/\/leliseron.com\/wp-content\/uploads\/2023\/11\/Gateau-988x1024.jpg\" alt=\"\" class=\"wp-image-4263\" width=\"447\" height=\"462\" srcset=\"http:\/\/leliseron.com\/wp-content\/uploads\/2023\/11\/Gateau-988x1024.jpg 988w, http:\/\/leliseron.com\/wp-content\/uploads\/2023\/11\/Gateau-289x300.jpg 289w, http:\/\/leliseron.com\/wp-content\/uploads\/2023\/11\/Gateau-768x796.jpg 768w, http:\/\/leliseron.com\/wp-content\/uploads\/2023\/11\/Gateau.jpg 1736w\" sizes=\"auto, (max-width: 447px) 100vw, 447px\" \/><\/a><\/figure>\n<\/div>\n\n<div class=\"wp-block-image\">\n<figure class=\"aligncenter size-full is-resized\"><img loading=\"lazy\" decoding=\"async\" src=\"http:\/\/leliseron.com\/wp-content\/uploads\/2013\/10\/spacer.gif\" alt=\"\" class=\"wp-image-373\" width=\"28\" height=\"28\"\/><\/figure>\n<\/div>\n\n\n<p>Depuis, un an, des fr\u00e8res et s\u0153urs d&rsquo;enfants soign\u00e9s dans le service d&rsquo;<strong>H\u00e9matologie-Oncologie-P\u00e9diatrique du CHU de Besan\u00e7on<\/strong> se retrouvaient en groupe de parole accompagn\u00e9s par <strong>D\u00e9borah<\/strong>, la psychologue du service et de sa coll\u00e8gue et en pr\u00e9sence d&rsquo;<strong>\u00c9l\u00e9onore<\/strong>, biographe hospitali\u00e8re \u00e0 \u00ab\u00a0<strong>Trace de Vie<\/strong><em><strong>\u00ab\u00a0.<\/strong><\/em><\/p>\n\n\n\n<p>Ils ont parl\u00e9 en toute libert\u00e9, invent\u00e9 des histoires&#8230; et un livre par enfant a \u00e9t\u00e9 \u00e9dit\u00e9 et leur a \u00e9t\u00e9 remis <strong>mercredi 22 novembre 2023<\/strong> lors d&rsquo;une r\u00e9ception \u00e0 la <strong>Maison des Familles<\/strong> en pr\u00e9sence de leurs familles, de m\u00e9decin et personnel soignant et du <strong>Liseron<\/strong> qui assurait l&rsquo;intendance ce jour-l\u00e0 comme au cours de l&rsquo;ann\u00e9e.<em>&nbsp;<\/em><\/p>\n\n\n<div class=\"wp-block-image\">\n<figure class=\"aligncenter size-large is-resized\"><a href=\"http:\/\/leliseron.com\/wp-content\/uploads\/2023\/11\/P1100392.jpg\"><img loading=\"lazy\" decoding=\"async\" src=\"http:\/\/leliseron.com\/wp-content\/uploads\/2023\/11\/P1100392-1024x768.jpg\" alt=\"\" class=\"wp-image-4266\" width=\"768\" height=\"576\" srcset=\"http:\/\/leliseron.com\/wp-content\/uploads\/2023\/11\/P1100392-1024x768.jpg 1024w, http:\/\/leliseron.com\/wp-content\/uploads\/2023\/11\/P1100392-300x225.jpg 300w, http:\/\/leliseron.com\/wp-content\/uploads\/2023\/11\/P1100392-768x576.jpg 768w, http:\/\/leliseron.com\/wp-content\/uploads\/2023\/11\/P1100392-1536x1152.jpg 1536w, http:\/\/leliseron.com\/wp-content\/uploads\/2023\/11\/P1100392-700x525.jpg 700w, http:\/\/leliseron.com\/wp-content\/uploads\/2023\/11\/P1100392.jpg 1800w\" sizes=\"auto, (max-width: 768px) 100vw, 768px\" \/><\/a><\/figure>\n<\/div>","protected":false},"excerpt":{"rendered":"<p>Depuis, un an, des fr\u00e8res et s\u0153urs d&rsquo;enfants soign\u00e9s dans le service d&rsquo;H\u00e9matologie-Oncologie-P\u00e9diatrique du CHU de Besan\u00e7on se retrouvaient en groupe de parole accompagn\u00e9s par D\u00e9borah, la psychologue du service et de sa coll\u00e8gue et en pr\u00e9sence d&rsquo;\u00c9l\u00e9onore, biographe hospitali\u00e8re \u00e0 \u00ab\u00a0Trace de Vie\u00ab\u00a0. Ils ont parl\u00e9 en toute libert\u00e9, &#8230;<\/p>\n","protected":false},"author":1,"featured_media":4266,"comment_status":"closed","ping_status":"open","sticky":false,"template":"","format":"standard","meta":{"footnotes":""},"categories":[17,4],"tags":[],"class_list":["post-4261","post","type-post","status-publish","format-standard","has-post-thumbnail","hentry","category-manifestations-hopital","category-actualites","column","threecol","has-thumbnail"],"_links":{"self":[{"href":"http:\/\/leliseron.com\/index.php?rest_route=\/wp\/v2\/posts\/4261","targetHints":{"allow":["GET"]}}],"collection":[{"href":"http:\/\/leliseron.com\/index.php?rest_route=\/wp\/v2\/posts"}],"about":[{"href":"http:\/\/leliseron.com\/index.php?rest_route=\/wp\/v2\/types\/post"}],"author":[{"embeddable":true,"href":"http:\/\/leliseron.com\/index.php?rest_route=\/wp\/v2\/users\/1"}],"replies":[{"embeddable":true,"href":"http:\/\/leliseron.com\/index.php?rest_route=%2Fwp%2Fv2%2Fcomments&post=4261"}],"version-history":[{"count":8,"href":"http:\/\/leliseron.com\/index.php?rest_route=\/wp\/v2\/posts\/4261\/revisions"}],"predecessor-version":[{"id":4273,"href":"http:\/\/leliseron.com\/index.php?rest_route=\/wp\/v2\/posts\/4261\/revisions\/4273"}],"wp:featuredmedia":[{"embeddable":true,"href":"http:\/\/leliseron.com\/index.php?rest_route=\/wp\/v2\/media\/4266"}],"wp:attachment":[{"href":"http:\/\/leliseron.com\/index.php?rest_route=%2Fwp%2Fv2%2Fmedia&parent=4261"}],"wp:term":[{"taxonomy":"category","embeddable":true,"href":"http:\/\/leliseron.com\/index.php?rest_route=%2Fwp%2Fv2%2Fcategories&post=4261"},{"taxonomy":"post_tag","embeddable":true,"href":"http:\/\/leliseron.com\/index.php?rest_route=%2Fwp%2Fv2%2Ftags&post=4261"}],"curies":[{"name":"wp","href":"https:\/\/api.w.org\/{rel}","templated":true}]}}