{"id":4156,"date":"2023-06-30T18:10:20","date_gmt":"2023-06-30T16:10:20","guid":{"rendered":"http:\/\/leliseron.com\/?p=4156"},"modified":"2023-06-30T18:10:59","modified_gmt":"2023-06-30T16:10:59","slug":"double-page-dans-lest-republicain","status":"publish","type":"post","link":"http:\/\/leliseron.com\/?p=4156","title":{"rendered":"Double-page dans l&rsquo;Est R\u00e9publicain !"},"content":{"rendered":"<div class=\"wp-block-image\">\n<figure class=\"aligncenter size-full is-resized\"><a href=\"http:\/\/leliseron.com\/wp-content\/uploads\/2023\/06\/Discours-officiel-Vignette.jpg\" target=\"_blank\" rel=\"noreferrer noopener\"><img loading=\"lazy\" decoding=\"async\" src=\"http:\/\/leliseron.com\/wp-content\/uploads\/2023\/06\/Discours-officiel-Vignette.jpg\" alt=\"\" class=\"wp-image-4157\" width=\"600\" height=\"425\" srcset=\"http:\/\/leliseron.com\/wp-content\/uploads\/2023\/06\/Discours-officiel-Vignette.jpg 800w, http:\/\/leliseron.com\/wp-content\/uploads\/2023\/06\/Discours-officiel-Vignette-300x213.jpg 300w, http:\/\/leliseron.com\/wp-content\/uploads\/2023\/06\/Discours-officiel-Vignette-768x544.jpg 768w, http:\/\/leliseron.com\/wp-content\/uploads\/2023\/06\/Discours-officiel-Vignette-700x496.jpg 700w\" sizes=\"auto, (max-width: 600px) 100vw, 600px\" \/><\/a><\/figure>\n<\/div>\n\n\n<p><\/p>\n\n\n\n<p>Suite \u00e0 la f\u00eate organis\u00e9e en l&rsquo;honneur de M. Jean-Paul Vergon, pr\u00e9sident historique de l&rsquo;association Le LIseron qui c\u00e8de sa place \u00e0 Elisabeth Forgeron, une double-page de l&rsquo;Est R\u00e9publicain du 13 juin 2023, relatait cet \u00e9v\u00e8nement tout en rappelant l&rsquo;histoire de cette association, la fraternit\u00e9 qui y r\u00e8gne, et son r\u00f4le aupr\u00e8s des patients atteints du cancer. <br><br>Rappelons que l&rsquo;association existe depuis <strong>34 ans<\/strong>.<br> M. Jean-Paul Vergon en a \u00e9t\u00e9 le pr\u00e9sident durant <strong>23 ans<\/strong>.<\/p>\n\n\n<div class=\"wp-block-image\">\n<figure class=\"aligncenter size-large is-resized\"><a href=\"http:\/\/leliseron.com\/wp-content\/uploads\/2023\/06\/Jean-Paul-merci-ER_articleComplet.jpg\" target=\"_blank\" rel=\"noreferrer noopener\"><img loading=\"lazy\" decoding=\"async\" src=\"http:\/\/leliseron.com\/wp-content\/uploads\/2023\/06\/Jean-Paul-merci-ER_articleComplet-1024x719.jpg\" alt=\"\" class=\"wp-image-4155\" width=\"768\" height=\"539\" srcset=\"http:\/\/leliseron.com\/wp-content\/uploads\/2023\/06\/Jean-Paul-merci-ER_articleComplet-1024x719.jpg 1024w, http:\/\/leliseron.com\/wp-content\/uploads\/2023\/06\/Jean-Paul-merci-ER_articleComplet-300x211.jpg 300w, http:\/\/leliseron.com\/wp-content\/uploads\/2023\/06\/Jean-Paul-merci-ER_articleComplet-768x539.jpg 768w, http:\/\/leliseron.com\/wp-content\/uploads\/2023\/06\/Jean-Paul-merci-ER_articleComplet-1536x1078.jpg 1536w, http:\/\/leliseron.com\/wp-content\/uploads\/2023\/06\/Jean-Paul-merci-ER_articleComplet-700x491.jpg 700w, http:\/\/leliseron.com\/wp-content\/uploads\/2023\/06\/Jean-Paul-merci-ER_articleComplet.jpg 2000w\" sizes=\"auto, (max-width: 768px) 100vw, 768px\" \/><\/a><figcaption class=\"wp-element-caption\">Cliquer sur l&rsquo;image pour l&rsquo;agrandir<\/figcaption><\/figure>\n<\/div>\n\n\n<p>::>>> version PDF t\u00e9l\u00e9chargeable : <strong><a href=\"http:\/\/leliseron.com\/wp-content\/uploads\/2023\/06\/Jean-Paul-merci-ER_articleComplet.pdf\" target=\"_blank\" rel=\"noreferrer noopener\">ici<\/a><\/strong><\/p>\n","protected":false},"excerpt":{"rendered":"<p>Suite \u00e0 la f\u00eate organis\u00e9e en l&rsquo;honneur de M. Jean-Paul Vergon, pr\u00e9sident historique de l&rsquo;association Le LIseron qui c\u00e8de sa place \u00e0 Elisabeth Forgeron, une double-page de l&rsquo;Est R\u00e9publicain du 13 juin 2023, relatait cet \u00e9v\u00e8nement tout en rappelant l&rsquo;histoire de cette association, la fraternit\u00e9 qui y r\u00e8gne, et son &#8230;<\/p>\n","protected":false},"author":1,"featured_media":4157,"comment_status":"closed","ping_status":"open","sticky":false,"template":"","format":"standard","meta":{"footnotes":""},"categories":[4],"tags":[],"class_list":["post-4156","post","type-post","status-publish","format-standard","has-post-thumbnail","hentry","category-actualites","column","threecol","has-thumbnail"],"_links":{"self":[{"href":"http:\/\/leliseron.com\/index.php?rest_route=\/wp\/v2\/posts\/4156","targetHints":{"allow":["GET"]}}],"collection":[{"href":"http:\/\/leliseron.com\/index.php?rest_route=\/wp\/v2\/posts"}],"about":[{"href":"http:\/\/leliseron.com\/index.php?rest_route=\/wp\/v2\/types\/post"}],"author":[{"embeddable":true,"href":"http:\/\/leliseron.com\/index.php?rest_route=\/wp\/v2\/users\/1"}],"replies":[{"embeddable":true,"href":"http:\/\/leliseron.com\/index.php?rest_route=%2Fwp%2Fv2%2Fcomments&post=4156"}],"version-history":[{"count":4,"href":"http:\/\/leliseron.com\/index.php?rest_route=\/wp\/v2\/posts\/4156\/revisions"}],"predecessor-version":[{"id":4162,"href":"http:\/\/leliseron.com\/index.php?rest_route=\/wp\/v2\/posts\/4156\/revisions\/4162"}],"wp:featuredmedia":[{"embeddable":true,"href":"http:\/\/leliseron.com\/index.php?rest_route=\/wp\/v2\/media\/4157"}],"wp:attachment":[{"href":"http:\/\/leliseron.com\/index.php?rest_route=%2Fwp%2Fv2%2Fmedia&parent=4156"}],"wp:term":[{"taxonomy":"category","embeddable":true,"href":"http:\/\/leliseron.com\/index.php?rest_route=%2Fwp%2Fv2%2Fcategories&post=4156"},{"taxonomy":"post_tag","embeddable":true,"href":"http:\/\/leliseron.com\/index.php?rest_route=%2Fwp%2Fv2%2Ftags&post=4156"}],"curies":[{"name":"wp","href":"https:\/\/api.w.org\/{rel}","templated":true}]}}