{"id":4132,"date":"2023-06-08T16:45:36","date_gmt":"2023-06-08T14:45:36","guid":{"rendered":"http:\/\/leliseron.com\/?p=4132"},"modified":"2023-06-08T16:49:31","modified_gmt":"2023-06-08T14:49:31","slug":"nouvel-ancien-logo-du-liseron","status":"publish","type":"post","link":"http:\/\/leliseron.com\/?p=4132","title":{"rendered":"Nouvel \u00ab\u00a0ancien\u00a0\u00bb logo du Liseron !"},"content":{"rendered":"\n<p>Pour le changement de pr\u00e9sidence de l&rsquo;association, une r\u00e9ception a eu lieu derni\u00e8rement \u00e0 la Maison des familles \u00e0 Besan\u00e7on, l&rsquo;occasion de remercier grandement et chaleureusement M. Jean-Paul Vergon  qui f\u00fbt depuis de nombreuses ann\u00e9es pr\u00e9sident du Liseron et sans qui l&rsquo;association n&rsquo;aurait eu autant de reconnaissances de la part des patients, des familles, de l&rsquo;h\u00f4pital Jean Minjoz.<br><br>Nous reviendrons tout prochainement sur cette r\u00e9ception.<\/p>\n\n\n\n<p><\/p>\n\n\n\n<p><br>En attendant, voici le logotype de l&rsquo;association que vous pourrez voir sur nos diff\u00e9rents outils de communication.<\/p>\n\n\n\n<p><\/p>\n\n\n<div class=\"wp-block-image\">\n<figure class=\"aligncenter size-full is-resized\"><img loading=\"lazy\" decoding=\"async\" src=\"http:\/\/leliseron.com\/wp-content\/uploads\/2023\/06\/Logo-LeLiseron_Version2023-ptit.png\" alt=\"Logotype de l'association Le Liseron\" class=\"wp-image-4131\" width=\"450\" height=\"424\" srcset=\"http:\/\/leliseron.com\/wp-content\/uploads\/2023\/06\/Logo-LeLiseron_Version2023-ptit.png 600w, http:\/\/leliseron.com\/wp-content\/uploads\/2023\/06\/Logo-LeLiseron_Version2023-ptit-300x283.png 300w\" sizes=\"auto, (max-width: 450px) 100vw, 450px\" \/><\/figure>\n<\/div>","protected":false},"excerpt":{"rendered":"<p>Pour le changement de pr\u00e9sidence de l&rsquo;association, une r\u00e9ception a eu lieu derni\u00e8rement \u00e0 la Maison des familles \u00e0 Besan\u00e7on, l&rsquo;occasion de remercier grandement et chaleureusement M. Jean-Paul Vergon qui f\u00fbt depuis de nombreuses ann\u00e9es pr\u00e9sident du Liseron et sans qui l&rsquo;association n&rsquo;aurait eu autant de reconnaissances de la part &#8230;<\/p>\n","protected":false},"author":1,"featured_media":4135,"comment_status":"closed","ping_status":"open","sticky":false,"template":"","format":"standard","meta":{"footnotes":""},"categories":[4],"tags":[],"class_list":["post-4132","post","type-post","status-publish","format-standard","has-post-thumbnail","hentry","category-actualites","column","threecol","has-thumbnail"],"_links":{"self":[{"href":"http:\/\/leliseron.com\/index.php?rest_route=\/wp\/v2\/posts\/4132","targetHints":{"allow":["GET"]}}],"collection":[{"href":"http:\/\/leliseron.com\/index.php?rest_route=\/wp\/v2\/posts"}],"about":[{"href":"http:\/\/leliseron.com\/index.php?rest_route=\/wp\/v2\/types\/post"}],"author":[{"embeddable":true,"href":"http:\/\/leliseron.com\/index.php?rest_route=\/wp\/v2\/users\/1"}],"replies":[{"embeddable":true,"href":"http:\/\/leliseron.com\/index.php?rest_route=%2Fwp%2Fv2%2Fcomments&post=4132"}],"version-history":[{"count":2,"href":"http:\/\/leliseron.com\/index.php?rest_route=\/wp\/v2\/posts\/4132\/revisions"}],"predecessor-version":[{"id":4134,"href":"http:\/\/leliseron.com\/index.php?rest_route=\/wp\/v2\/posts\/4132\/revisions\/4134"}],"wp:featuredmedia":[{"embeddable":true,"href":"http:\/\/leliseron.com\/index.php?rest_route=\/wp\/v2\/media\/4135"}],"wp:attachment":[{"href":"http:\/\/leliseron.com\/index.php?rest_route=%2Fwp%2Fv2%2Fmedia&parent=4132"}],"wp:term":[{"taxonomy":"category","embeddable":true,"href":"http:\/\/leliseron.com\/index.php?rest_route=%2Fwp%2Fv2%2Fcategories&post=4132"},{"taxonomy":"post_tag","embeddable":true,"href":"http:\/\/leliseron.com\/index.php?rest_route=%2Fwp%2Fv2%2Ftags&post=4132"}],"curies":[{"name":"wp","href":"https:\/\/api.w.org\/{rel}","templated":true}]}}