{"id":4110,"date":"2023-06-03T11:20:17","date_gmt":"2023-06-03T09:20:17","guid":{"rendered":"http:\/\/leliseron.com\/?p=4110"},"modified":"2023-06-03T11:30:02","modified_gmt":"2023-06-03T09:30:02","slug":"sortie-parapente","status":"publish","type":"post","link":"http:\/\/leliseron.com\/?p=4110","title":{"rendered":"Sortie Parapente, le\u00a010 juin\u00a02023"},"content":{"rendered":"\n<p>Pour la deuxi\u00e8me ann\u00e9e cons\u00e9cutive nos trois associations comp\u00e8res (<strong>Lib\u00e8re-T-ailes, Le Liseron, Ptits bouts de ficelle<\/strong>) vont mettre en commun leurs b\u00e9n\u00e9voles et leurs moyens pour faire voler en parapente des patients enfants et adultes du service H\u00e9matologie, mais aussi des enfants d&rsquo;un IME.<\/p>\n\n\n<div class=\"wp-block-image\">\n<figure class=\"aligncenter size-full is-resized\"><img loading=\"lazy\" decoding=\"async\" src=\"http:\/\/leliseron.com\/wp-content\/uploads\/2022\/06\/Parapente.jpg\" alt=\"\" class=\"wp-image-3795\" width=\"493\" height=\"312\" srcset=\"http:\/\/leliseron.com\/wp-content\/uploads\/2022\/06\/Parapente.jpg 949w, http:\/\/leliseron.com\/wp-content\/uploads\/2022\/06\/Parapente-300x190.jpg 300w, http:\/\/leliseron.com\/wp-content\/uploads\/2022\/06\/Parapente-768x487.jpg 768w, http:\/\/leliseron.com\/wp-content\/uploads\/2022\/06\/Parapente-700x444.jpg 700w\" sizes=\"auto, (max-width: 493px) 100vw, 493px\" \/><figcaption class=\"wp-element-caption\">     \u00a0\u00a0<\/figcaption><\/figure>\n<\/div>\n\n\n<p>Pr\u00e8s de trente personnes se sont inscrites pour cette activit\u00e9 cette ann\u00e9e (pour rappel : vingt, l&rsquo;an pass\u00e9).<\/p>\n\n\n\n<p>Il s&rsquo;agit d&rsquo;une journ\u00e9e compl\u00e8te ou quatre, cinq ou six pilotes biplaceurs vont prendre en charge et les emmener dans les airs. Trois de ces personnes sont aussi habilit\u00e9es \u00e0 conduire des chariots pour les plus handicap\u00e9s.<\/p>\n\n\n\n<h3 class=\"has-text-align-center wp-block-heading\"><strong>Cette journ\u00e9e aura lieu, <br>suivant la m\u00e9t\u00e9o, le 10 juin <br>(ou le 11 juin avec une date de report le 24 juin)<\/strong><br>\u00a0\u00a0<\/h3>\n\n\n\n<p class=\"has-text-align-center\">Ces trois associations vous invitent \u00e0 venir voir cette activit\u00e9 et \u00e0 nous soutenir \u00e0 port Douvot. <br>  \u00a0<\/p>\n\n\n<div class=\"wp-block-image\">\n<figure class=\"aligncenter size-full is-resized\"><img loading=\"lazy\" decoding=\"async\" src=\"http:\/\/leliseron.com\/wp-content\/uploads\/2022\/06\/parapente_2mai2022_vignette.jpeg\" alt=\"\" class=\"wp-image-3805\" width=\"335\" height=\"231\" srcset=\"http:\/\/leliseron.com\/wp-content\/uploads\/2022\/06\/parapente_2mai2022_vignette.jpeg 669w, http:\/\/leliseron.com\/wp-content\/uploads\/2022\/06\/parapente_2mai2022_vignette-300x207.jpeg 300w\" sizes=\"auto, (max-width: 335px) 100vw, 335px\" \/><figcaption class=\"wp-element-caption\">  \u00a0<\/figcaption><\/figure>\n<\/div>\n\n\n<div class=\"wp-block-columns is-layout-flex wp-container-core-columns-is-layout-9d6595d7 wp-block-columns-is-layout-flex\">\n<div class=\"wp-block-column is-vertically-aligned-center is-layout-flow wp-block-column-is-layout-flow\" style=\"flex-basis:33.34%\"><div class=\"wp-block-image\">\n<figure class=\"aligncenter size-large is-resized\"><img loading=\"lazy\" decoding=\"async\" src=\"http:\/\/leliseron.com\/wp-content\/uploads\/2023\/06\/Logo-Libere-T-Ailes-1024x307.jpg\" alt=\"\" class=\"wp-image-4113\" width=\"256\" height=\"77\" srcset=\"http:\/\/leliseron.com\/wp-content\/uploads\/2023\/06\/Logo-Libere-T-Ailes-1024x307.jpg 1024w, http:\/\/leliseron.com\/wp-content\/uploads\/2023\/06\/Logo-Libere-T-Ailes-300x90.jpg 300w, http:\/\/leliseron.com\/wp-content\/uploads\/2023\/06\/Logo-Libere-T-Ailes-768x230.jpg 768w, http:\/\/leliseron.com\/wp-content\/uploads\/2023\/06\/Logo-Libere-T-Ailes-1536x461.jpg 1536w, http:\/\/leliseron.com\/wp-content\/uploads\/2023\/06\/Logo-Libere-T-Ailes-700x210.jpg 700w, http:\/\/leliseron.com\/wp-content\/uploads\/2023\/06\/Logo-Libere-T-Ailes.jpg 1604w\" sizes=\"auto, (max-width: 256px) 100vw, 256px\" \/><\/figure>\n<\/div><\/div>\n\n\n\n<div class=\"wp-block-column is-vertically-aligned-center is-layout-flow wp-block-column-is-layout-flow\" style=\"flex-basis:33.34%\"><div class=\"wp-block-image\">\n<figure class=\"aligncenter size-full is-resized\"><img loading=\"lazy\" decoding=\"async\" src=\"http:\/\/leliseron.com\/wp-content\/uploads\/2020\/11\/Icon-LeLiseron.jpg\" alt=\"\" class=\"wp-image-3226\" width=\"128\" height=\"119\" srcset=\"http:\/\/leliseron.com\/wp-content\/uploads\/2020\/11\/Icon-LeLiseron.jpg 512w, http:\/\/leliseron.com\/wp-content\/uploads\/2020\/11\/Icon-LeLiseron-300x279.jpg 300w\" sizes=\"auto, (max-width: 128px) 100vw, 128px\" \/><\/figure>\n<\/div><\/div>\n\n\n\n<div class=\"wp-block-column is-vertically-aligned-center is-layout-flow wp-block-column-is-layout-flow\" style=\"flex-basis:33.33%\">\n<figure class=\"wp-block-image size-full is-resized\"><img loading=\"lazy\" decoding=\"async\" src=\"http:\/\/leliseron.com\/wp-content\/uploads\/2021\/01\/logo-ptitsbouts.png\" alt=\"\" class=\"wp-image-3394\" width=\"150\" height=\"140\"\/><\/figure>\n<\/div>\n<\/div>\n","protected":false},"excerpt":{"rendered":"<p>Pour la deuxi\u00e8me ann\u00e9e cons\u00e9cutive nos trois associations comp\u00e8res (Lib\u00e8re-T-ailes, Le Liseron, Ptits bouts de ficelle) vont mettre en commun leurs b\u00e9n\u00e9voles et leurs moyens pour faire voler en parapente des patients enfants et adultes du service H\u00e9matologie, mais aussi des enfants d&rsquo;un IME. Pr\u00e8s de trente personnes se sont &#8230;<\/p>\n","protected":false},"author":1,"featured_media":3805,"comment_status":"closed","ping_status":"open","sticky":false,"template":"","format":"standard","meta":{"footnotes":""},"categories":[4],"tags":[],"class_list":["post-4110","post","type-post","status-publish","format-standard","has-post-thumbnail","hentry","category-actualites","column","threecol","has-thumbnail"],"_links":{"self":[{"href":"http:\/\/leliseron.com\/index.php?rest_route=\/wp\/v2\/posts\/4110","targetHints":{"allow":["GET"]}}],"collection":[{"href":"http:\/\/leliseron.com\/index.php?rest_route=\/wp\/v2\/posts"}],"about":[{"href":"http:\/\/leliseron.com\/index.php?rest_route=\/wp\/v2\/types\/post"}],"author":[{"embeddable":true,"href":"http:\/\/leliseron.com\/index.php?rest_route=\/wp\/v2\/users\/1"}],"replies":[{"embeddable":true,"href":"http:\/\/leliseron.com\/index.php?rest_route=%2Fwp%2Fv2%2Fcomments&post=4110"}],"version-history":[{"count":16,"href":"http:\/\/leliseron.com\/index.php?rest_route=\/wp\/v2\/posts\/4110\/revisions"}],"predecessor-version":[{"id":4130,"href":"http:\/\/leliseron.com\/index.php?rest_route=\/wp\/v2\/posts\/4110\/revisions\/4130"}],"wp:featuredmedia":[{"embeddable":true,"href":"http:\/\/leliseron.com\/index.php?rest_route=\/wp\/v2\/media\/3805"}],"wp:attachment":[{"href":"http:\/\/leliseron.com\/index.php?rest_route=%2Fwp%2Fv2%2Fmedia&parent=4110"}],"wp:term":[{"taxonomy":"category","embeddable":true,"href":"http:\/\/leliseron.com\/index.php?rest_route=%2Fwp%2Fv2%2Fcategories&post=4110"},{"taxonomy":"post_tag","embeddable":true,"href":"http:\/\/leliseron.com\/index.php?rest_route=%2Fwp%2Fv2%2Ftags&post=4110"}],"curies":[{"name":"wp","href":"https:\/\/api.w.org\/{rel}","templated":true}]}}