{"id":4100,"date":"2023-05-16T16:40:09","date_gmt":"2023-05-16T14:40:09","guid":{"rendered":"http:\/\/leliseron.com\/?p=4100"},"modified":"2023-05-16T16:44:00","modified_gmt":"2023-05-16T14:44:00","slug":"le-liseron-change-de-bureau","status":"publish","type":"post","link":"http:\/\/leliseron.com\/?p=4100","title":{"rendered":"Le Liseron change de\u00a0bureau\u2026"},"content":{"rendered":"\n<h3 class=\"has-text-align-center wp-block-heading\"><strong>D\u00c9M\u00c9NAGEMENT DU BUREAU DU LISERON <\/strong><br><strong>AU SEIN DU CHU JEAN MINJOZ \u00c0 BESAN\u00c7ON <\/strong><em><strong>:<\/strong><\/em><br><\/h3>\n\n\n\n<p><em>Depuis le 25 avril 2023, le bureau de l&rsquo;association LE LISERON est transf\u00e9r\u00e9 au 1er \u00e9tage du b\u00e2timent de liaison du CHU &#8211; vers les bureaux de l&rsquo;UAPED.<\/em><br><\/p>\n\n\n\n<p class=\"has-text-align-center has-vivid-red-color has-text-color\"><strong><em>>>>> acc\u00e8s par l&rsquo;escalier m\u00e9tallique en colima\u00e7on pr\u00e8s du bureau des entr\u00e9es<\/em>. &lt;&lt;&lt;&lt;<\/strong><br><br><\/p>\n\n\n\n<h3 class=\"has-text-align-center wp-block-heading\"><strong>CHANGEMENT DE BUREAU<\/strong><\/h3>\n\n\n\n<p><em>Depuis le 1er avril 2023, apr\u00e8s 23 ann\u00e9es \u00e0 la t\u00eate de l&rsquo;association \u00ab\u00a0LE LISERON\u00a0\u00bb, <strong>Jean-Paul VERGON<\/strong> a d\u00e9cid\u00e9 de passer la main. Qu&rsquo;il soit chaleureusement remerci\u00e9 pour son d\u00e9vouement.<\/em><\/p>\n\n\n\n<p class=\"has-text-align-center\"><em>C&rsquo;est <strong>Elisabeth FORGERON<\/strong> qui prend le relais. <\/em><\/p>\n\n\n\n<p><em>Adh\u00e9rente et active au sein de l&rsquo;association depuis 26 ans, elle aura \u00e0 c\u0153ur de poursuivre les actions entreprises depuis de nombreuses ann\u00e9es et de rester \u00e0 l&rsquo;\u00e9coute des malades, de leurs familles et du personnel soignant.\u00a0<\/em><\/p>\n","protected":false},"excerpt":{"rendered":"<p>D\u00c9M\u00c9NAGEMENT DU BUREAU DU LISERON AU SEIN DU CHU JEAN MINJOZ \u00c0 BESAN\u00c7ON : Depuis le 25 avril 2023, le bureau de l&rsquo;association LE LISERON est transf\u00e9r\u00e9 au 1er \u00e9tage du b\u00e2timent de liaison du CHU &#8211; vers les bureaux de l&rsquo;UAPED. >>>> acc\u00e8s par l&rsquo;escalier m\u00e9tallique en colima\u00e7on pr\u00e8s &#8230;<\/p>\n","protected":false},"author":1,"featured_media":0,"comment_status":"closed","ping_status":"open","sticky":false,"template":"","format":"standard","meta":{"footnotes":""},"categories":[4],"tags":[],"class_list":["post-4100","post","type-post","status-publish","format-standard","hentry","category-actualites","column","threecol"],"_links":{"self":[{"href":"http:\/\/leliseron.com\/index.php?rest_route=\/wp\/v2\/posts\/4100","targetHints":{"allow":["GET"]}}],"collection":[{"href":"http:\/\/leliseron.com\/index.php?rest_route=\/wp\/v2\/posts"}],"about":[{"href":"http:\/\/leliseron.com\/index.php?rest_route=\/wp\/v2\/types\/post"}],"author":[{"embeddable":true,"href":"http:\/\/leliseron.com\/index.php?rest_route=\/wp\/v2\/users\/1"}],"replies":[{"embeddable":true,"href":"http:\/\/leliseron.com\/index.php?rest_route=%2Fwp%2Fv2%2Fcomments&post=4100"}],"version-history":[{"count":5,"href":"http:\/\/leliseron.com\/index.php?rest_route=\/wp\/v2\/posts\/4100\/revisions"}],"predecessor-version":[{"id":4107,"href":"http:\/\/leliseron.com\/index.php?rest_route=\/wp\/v2\/posts\/4100\/revisions\/4107"}],"wp:attachment":[{"href":"http:\/\/leliseron.com\/index.php?rest_route=%2Fwp%2Fv2%2Fmedia&parent=4100"}],"wp:term":[{"taxonomy":"category","embeddable":true,"href":"http:\/\/leliseron.com\/index.php?rest_route=%2Fwp%2Fv2%2Fcategories&post=4100"},{"taxonomy":"post_tag","embeddable":true,"href":"http:\/\/leliseron.com\/index.php?rest_route=%2Fwp%2Fv2%2Ftags&post=4100"}],"curies":[{"name":"wp","href":"https:\/\/api.w.org\/{rel}","templated":true}]}}