{"id":4069,"date":"2023-04-04T12:21:15","date_gmt":"2023-04-04T10:21:15","guid":{"rendered":"http:\/\/leliseron.com\/?p=4069"},"modified":"2023-04-04T12:32:38","modified_gmt":"2023-04-04T10:32:38","slug":"les-etincelles-de-nouveau-a-besancon","status":"publish","type":"post","link":"http:\/\/leliseron.com\/?p=4069","title":{"rendered":"Les \u00c9tincelles de nouveau \u00e0 Besan\u00e7on !"},"content":{"rendered":"\n<h3 class=\"has-text-align-center wp-block-heading\">Des Clips et des Claps ! <br>[version\u00a02023]<\/h3>\n\n\n\n<p class=\"has-text-align-center\">NOUVELLES DATES \u00c0\u00a0BESAN\u00c7ON\u00a0: <br>samedi 22 AVRIL \u00e0 20h30 <br>et dimanche 23 AVRIL \u00e0 15h <br>au Grand Kursaal<br>de Besan\u00e7on<\/p>\n\n\n\n<p class=\"has-text-align-center has-vivid-red-color has-text-color\"><strong>\/ \/ \/ \/ spectacle solidaire \/ \/ \/ \/<\/strong><\/p>\n\n\n\n<p class=\"has-text-align-center\"><\/p>\n\n\n<div class=\"wp-block-image\">\n<figure class=\"aligncenter size-large is-resized\"><a href=\"http:\/\/leliseron.com\/wp-content\/uploads\/2023\/04\/Etincelles_Besancon22-23avril.jpg\" target=\"_blank\" rel=\"noreferrer noopener\"><img loading=\"lazy\" decoding=\"async\" src=\"http:\/\/leliseron.com\/wp-content\/uploads\/2023\/04\/Etincelles_Besancon22-23avril-724x1024.jpg\" alt=\"\" class=\"wp-image-4070\" width=\"543\" height=\"768\" srcset=\"http:\/\/leliseron.com\/wp-content\/uploads\/2023\/04\/Etincelles_Besancon22-23avril-724x1024.jpg 724w, http:\/\/leliseron.com\/wp-content\/uploads\/2023\/04\/Etincelles_Besancon22-23avril-212x300.jpg 212w, http:\/\/leliseron.com\/wp-content\/uploads\/2023\/04\/Etincelles_Besancon22-23avril-768x1086.jpg 768w, http:\/\/leliseron.com\/wp-content\/uploads\/2023\/04\/Etincelles_Besancon22-23avril-1086x1536.jpg 1086w, http:\/\/leliseron.com\/wp-content\/uploads\/2023\/04\/Etincelles_Besancon22-23avril-700x990.jpg 700w, http:\/\/leliseron.com\/wp-content\/uploads\/2023\/04\/Etincelles_Besancon22-23avril.jpg 1240w\" sizes=\"auto, (max-width: 543px) 100vw, 543px\" \/><\/a><figcaption class=\"wp-element-caption\">      \u00a0\u00a0\u00a0<\/figcaption><\/figure>\n<\/div>\n\n\n<pre class=\"wp-block-preformatted\">>> <a href=\"https:\/\/www.lesetincelles.fr\" target=\"_blank\" rel=\"noreferrer noopener\">https:\/\/www.lesetincelles.fr<\/a><\/pre>\n","protected":false},"excerpt":{"rendered":"<p>Des Clips et des Claps ! [version\u00a02023] NOUVELLES DATES \u00c0\u00a0BESAN\u00c7ON\u00a0: samedi 22 AVRIL \u00e0 20h30 et dimanche 23 AVRIL \u00e0 15h au Grand Kursaalde Besan\u00e7on \/ \/ \/ \/ spectacle solidaire \/ \/ \/ \/ >> https:\/\/www.lesetincelles.fr<\/p>\n","protected":false},"author":1,"featured_media":4074,"comment_status":"closed","ping_status":"open","sticky":false,"template":"","format":"standard","meta":{"footnotes":""},"categories":[4],"tags":[],"class_list":["post-4069","post","type-post","status-publish","format-standard","has-post-thumbnail","hentry","category-actualites","column","threecol","has-thumbnail"],"_links":{"self":[{"href":"http:\/\/leliseron.com\/index.php?rest_route=\/wp\/v2\/posts\/4069","targetHints":{"allow":["GET"]}}],"collection":[{"href":"http:\/\/leliseron.com\/index.php?rest_route=\/wp\/v2\/posts"}],"about":[{"href":"http:\/\/leliseron.com\/index.php?rest_route=\/wp\/v2\/types\/post"}],"author":[{"embeddable":true,"href":"http:\/\/leliseron.com\/index.php?rest_route=\/wp\/v2\/users\/1"}],"replies":[{"embeddable":true,"href":"http:\/\/leliseron.com\/index.php?rest_route=%2Fwp%2Fv2%2Fcomments&post=4069"}],"version-history":[{"count":5,"href":"http:\/\/leliseron.com\/index.php?rest_route=\/wp\/v2\/posts\/4069\/revisions"}],"predecessor-version":[{"id":4080,"href":"http:\/\/leliseron.com\/index.php?rest_route=\/wp\/v2\/posts\/4069\/revisions\/4080"}],"wp:featuredmedia":[{"embeddable":true,"href":"http:\/\/leliseron.com\/index.php?rest_route=\/wp\/v2\/media\/4074"}],"wp:attachment":[{"href":"http:\/\/leliseron.com\/index.php?rest_route=%2Fwp%2Fv2%2Fmedia&parent=4069"}],"wp:term":[{"taxonomy":"category","embeddable":true,"href":"http:\/\/leliseron.com\/index.php?rest_route=%2Fwp%2Fv2%2Fcategories&post=4069"},{"taxonomy":"post_tag","embeddable":true,"href":"http:\/\/leliseron.com\/index.php?rest_route=%2Fwp%2Fv2%2Ftags&post=4069"}],"curies":[{"name":"wp","href":"https:\/\/api.w.org\/{rel}","templated":true}]}}