{"id":4027,"date":"2023-02-22T17:02:26","date_gmt":"2023-02-22T16:02:26","guid":{"rendered":"http:\/\/leliseron.com\/?p=4027"},"modified":"2023-02-22T17:04:47","modified_gmt":"2023-02-22T16:04:47","slug":"preparation-de-la-prochaine-journee-parapente","status":"publish","type":"post","link":"http:\/\/leliseron.com\/?p=4027","title":{"rendered":"Pr\u00e9paration de la prochaine journ\u00e9e Parapente"},"content":{"rendered":"\n<p>Une r\u00e9union s&rsquo;est tenue le\u00a013\u00a0f\u00e9vrier\u00a0dernier au restaurant l&rsquo;<strong>\u00c9picerie du Canal<\/strong> \u00e0 Avenay.<br>\u00c9taient pr\u00e9sents : <br>&#8211;\u00a0Christophe et Hana pour <strong>Petit bout de Ficelle<\/strong> ; <br>&#8211;\u00a0Romain, Bruno et Florian pour <strong>Lib\u00e8re-T-Ailes<\/strong> ; <br>&#8211;\u00a0Jacky et Ren\u00e9 pour <strong>le Liseron<\/strong>.<\/p>\n\n\n\n<p class=\"has-text-align-center\"><br>Des dates ont \u00e9t\u00e9 choisies pour la prochaine journ\u00e9e <strong>Parapente<\/strong> :<br>10 juin report soit le 11 juin et le 24 juin 2023<\/p>\n\n\n\n<p><br>Il y aura 4 pilotes dont deux habilit\u00e9s fauteuils et deux en double valides.<br>Le m\u00eame planning que celui de l&rsquo;ann\u00e9e derni\u00e8re sera utilis\u00e9 avec des cases et des pilotes pr\u00e9determin\u00e9s. <br>Christophe avec ses jeunes handis et nous avec nos patients en hemato et la proposition est d&rsquo;y ajouter des soignants, \u00e9ducatrices, etc.<br>Le repas de midi sera pris en charge par <strong>Petit bout de Ficelle<\/strong> (casse-cro\u00fbte)<br>et le repas du soir par <strong>Le Liseron<\/strong> (plancha salades \/ Christophe nous pr\u00eate sa plancha).<\/p>\n\n\n\n<p>Les inscriptions et le planning seront g\u00e9r\u00e9s par <strong>Le Liseron<\/strong> &#8211; date butoir le 15 mai.<br><strong>Formalit\u00e9s :<\/strong><br>&#8211; autorisation, avis m\u00e9dical ;<br>&#8211; autorisation du droit \u00e0 l&rsquo;image ;<br>&#8211; autorisation des parents pour les mineurs.<\/p>\n\n\n\n<p><br>Une participation pour frais de d\u00e9placements sera vers\u00e9e \u00e0 <strong>lib\u00e8re-T-ailes<\/strong> <br>(environ 100 euros par les deux associations).<br><br>Suggestion en attente de validation : demander une participation symbolique de 5 euros \u00e0 toute personne, accompagnant ou soignant qui volerait ce jour l\u00e0.<\/p>\n\n\n\n<p class=\"has-text-align-center\"><br>Une autre r\u00e9union sera programm\u00e9e fin mai \u00e0 l&rsquo;issue des inscriptions<br>afin de finaliser cette <strong>journ\u00e9e Parapente<\/strong>.<\/p>\n","protected":false},"excerpt":{"rendered":"<p>Une r\u00e9union s&rsquo;est tenue le\u00a013\u00a0f\u00e9vrier\u00a0dernier au restaurant l&rsquo;\u00c9picerie du Canal \u00e0 Avenay.\u00c9taient pr\u00e9sents : &#8211;\u00a0Christophe et Hana pour Petit bout de Ficelle ; &#8211;\u00a0Romain, Bruno et Florian pour Lib\u00e8re-T-Ailes ; &#8211;\u00a0Jacky et Ren\u00e9 pour le Liseron. Des dates ont \u00e9t\u00e9 choisies pour la prochaine journ\u00e9e Parapente :10 juin report soit &#8230;<\/p>\n","protected":false},"author":1,"featured_media":0,"comment_status":"closed","ping_status":"open","sticky":false,"template":"","format":"standard","meta":{"footnotes":""},"categories":[4],"tags":[],"class_list":["post-4027","post","type-post","status-publish","format-standard","hentry","category-actualites","column","threecol"],"_links":{"self":[{"href":"http:\/\/leliseron.com\/index.php?rest_route=\/wp\/v2\/posts\/4027","targetHints":{"allow":["GET"]}}],"collection":[{"href":"http:\/\/leliseron.com\/index.php?rest_route=\/wp\/v2\/posts"}],"about":[{"href":"http:\/\/leliseron.com\/index.php?rest_route=\/wp\/v2\/types\/post"}],"author":[{"embeddable":true,"href":"http:\/\/leliseron.com\/index.php?rest_route=\/wp\/v2\/users\/1"}],"replies":[{"embeddable":true,"href":"http:\/\/leliseron.com\/index.php?rest_route=%2Fwp%2Fv2%2Fcomments&post=4027"}],"version-history":[{"count":9,"href":"http:\/\/leliseron.com\/index.php?rest_route=\/wp\/v2\/posts\/4027\/revisions"}],"predecessor-version":[{"id":4037,"href":"http:\/\/leliseron.com\/index.php?rest_route=\/wp\/v2\/posts\/4027\/revisions\/4037"}],"wp:attachment":[{"href":"http:\/\/leliseron.com\/index.php?rest_route=%2Fwp%2Fv2%2Fmedia&parent=4027"}],"wp:term":[{"taxonomy":"category","embeddable":true,"href":"http:\/\/leliseron.com\/index.php?rest_route=%2Fwp%2Fv2%2Fcategories&post=4027"},{"taxonomy":"post_tag","embeddable":true,"href":"http:\/\/leliseron.com\/index.php?rest_route=%2Fwp%2Fv2%2Ftags&post=4027"}],"curies":[{"name":"wp","href":"https:\/\/api.w.org\/{rel}","templated":true}]}}