{"id":4013,"date":"2023-02-22T12:00:54","date_gmt":"2023-02-22T11:00:54","guid":{"rendered":"http:\/\/leliseron.com\/?p=4013"},"modified":"2023-02-22T12:07:10","modified_gmt":"2023-02-22T11:07:10","slug":"nouvelle-comedie-des-pierres-font-scene","status":"publish","type":"post","link":"http:\/\/leliseron.com\/?p=4013","title":{"rendered":"Nouvelle Com\u00e9die des Pierres font sc\u00e8ne"},"content":{"rendered":"\n<p class=\"has-text-align-center\">La troupe <strong>Les Pierres font sc\u00e8ne<\/strong> <br>vous pr\u00e9sente son nouveau spectacle <br>\u00e0 Pierrefontaine-les-Varans : <\/p>\n\n\n\n<h2 class=\"has-text-align-center wp-block-heading\"><strong>P\u00e9tard \u00e7a d\u00e9m\u00e9nage<\/strong><\/h2>\n\n\n\n<p class=\"has-text-align-center\">une&nbsp;com\u00e9die&nbsp;de Claude Schmit en deux actes<br>\u00e0 l&rsquo;espace des Arcades<\/p>\n\n\n\n<p><\/p>\n\n\n<div class=\"wp-block-image\">\n<figure class=\"aligncenter size-large is-resized\"><a href=\"http:\/\/leliseron.com\/wp-content\/uploads\/2023\/02\/Affiche_PetardCaDemenage.jpg\" target=\"_blank\" rel=\"noreferrer noopener\"><img loading=\"lazy\" decoding=\"async\" src=\"http:\/\/leliseron.com\/wp-content\/uploads\/2023\/02\/Affiche_PetardCaDemenage-709x1024.jpg\" alt=\"\" class=\"wp-image-4014\" width=\"532\" height=\"768\" srcset=\"http:\/\/leliseron.com\/wp-content\/uploads\/2023\/02\/Affiche_PetardCaDemenage-709x1024.jpg 709w, http:\/\/leliseron.com\/wp-content\/uploads\/2023\/02\/Affiche_PetardCaDemenage-208x300.jpg 208w, http:\/\/leliseron.com\/wp-content\/uploads\/2023\/02\/Affiche_PetardCaDemenage-768x1109.jpg 768w, http:\/\/leliseron.com\/wp-content\/uploads\/2023\/02\/Affiche_PetardCaDemenage-1064x1536.jpg 1064w, http:\/\/leliseron.com\/wp-content\/uploads\/2023\/02\/Affiche_PetardCaDemenage-700x1010.jpg 700w, http:\/\/leliseron.com\/wp-content\/uploads\/2023\/02\/Affiche_PetardCaDemenage.jpg 1247w\" sizes=\"auto, (max-width: 532px) 100vw, 532px\" \/><\/a><\/figure>\n<\/div>","protected":false},"excerpt":{"rendered":"<p>La troupe Les Pierres font sc\u00e8ne vous pr\u00e9sente son nouveau spectacle \u00e0 Pierrefontaine-les-Varans : P\u00e9tard \u00e7a d\u00e9m\u00e9nage une&nbsp;com\u00e9die&nbsp;de Claude Schmit en deux actes\u00e0 l&rsquo;espace des Arcades<\/p>\n","protected":false},"author":1,"featured_media":4015,"comment_status":"closed","ping_status":"open","sticky":false,"template":"","format":"standard","meta":{"footnotes":""},"categories":[4],"tags":[],"class_list":["post-4013","post","type-post","status-publish","format-standard","has-post-thumbnail","hentry","category-actualites","column","threecol","has-thumbnail"],"_links":{"self":[{"href":"http:\/\/leliseron.com\/index.php?rest_route=\/wp\/v2\/posts\/4013","targetHints":{"allow":["GET"]}}],"collection":[{"href":"http:\/\/leliseron.com\/index.php?rest_route=\/wp\/v2\/posts"}],"about":[{"href":"http:\/\/leliseron.com\/index.php?rest_route=\/wp\/v2\/types\/post"}],"author":[{"embeddable":true,"href":"http:\/\/leliseron.com\/index.php?rest_route=\/wp\/v2\/users\/1"}],"replies":[{"embeddable":true,"href":"http:\/\/leliseron.com\/index.php?rest_route=%2Fwp%2Fv2%2Fcomments&post=4013"}],"version-history":[{"count":9,"href":"http:\/\/leliseron.com\/index.php?rest_route=\/wp\/v2\/posts\/4013\/revisions"}],"predecessor-version":[{"id":4026,"href":"http:\/\/leliseron.com\/index.php?rest_route=\/wp\/v2\/posts\/4013\/revisions\/4026"}],"wp:featuredmedia":[{"embeddable":true,"href":"http:\/\/leliseron.com\/index.php?rest_route=\/wp\/v2\/media\/4015"}],"wp:attachment":[{"href":"http:\/\/leliseron.com\/index.php?rest_route=%2Fwp%2Fv2%2Fmedia&parent=4013"}],"wp:term":[{"taxonomy":"category","embeddable":true,"href":"http:\/\/leliseron.com\/index.php?rest_route=%2Fwp%2Fv2%2Fcategories&post=4013"},{"taxonomy":"post_tag","embeddable":true,"href":"http:\/\/leliseron.com\/index.php?rest_route=%2Fwp%2Fv2%2Ftags&post=4013"}],"curies":[{"name":"wp","href":"https:\/\/api.w.org\/{rel}","templated":true}]}}