{"id":3943,"date":"2022-12-28T12:18:45","date_gmt":"2022-12-28T11:18:45","guid":{"rendered":"http:\/\/www.leliseron.com\/?p=3943"},"modified":"2022-12-30T15:38:48","modified_gmt":"2022-12-30T14:38:48","slug":"marche-de-noel-de-devecey-2","status":"publish","type":"post","link":"http:\/\/leliseron.com\/?p=3943","title":{"rendered":"March\u00e9 de No\u00ebl de\u00a0Devecey"},"content":{"rendered":"\n<p>R\u00e9gine et Michel ont propos\u00e9, au public nombreux, des articles publicitaires et d\u00e9corations de No\u00ebl pour le Liseron au march\u00e9 de No\u00ebl le 4 d\u00e9cembre de 10&nbsp;h \u00e0 18&nbsp; h dans la salle des f\u00eates de Devecey. Une occasion de faire de belles rencontres, d&rsquo;expliquer nos actions aupr\u00e8s des patients et de leurs familles et de sensibiliser au don de moelle osseuse, mais aussi d&rsquo;\u00e9changer avec les autres exposants.<\/p>\n\n\n\n<p>Bon accueil des organisateurs.<br>Rendez-vous est pris pour l&rsquo;an prochain.<\/p>\n\n\n<div class=\"wp-block-image is-style-default\">\n<figure class=\"aligncenter size-large\"><a href=\"http:\/\/www.leliseron.com\/wp-content\/uploads\/2022\/12\/MarchedeNoel-devecey_12-2022.png\" target=\"_blank\" rel=\"noreferrer noopener\"><img loading=\"lazy\" decoding=\"async\" width=\"1024\" height=\"756\" src=\"http:\/\/www.leliseron.com\/wp-content\/uploads\/2022\/12\/MarchedeNoel-devecey_12-2022-1024x756.png\" alt=\"\" class=\"wp-image-3961\" srcset=\"http:\/\/leliseron.com\/wp-content\/uploads\/2022\/12\/MarchedeNoel-devecey_12-2022-1024x756.png 1024w, http:\/\/leliseron.com\/wp-content\/uploads\/2022\/12\/MarchedeNoel-devecey_12-2022-300x221.png 300w, http:\/\/leliseron.com\/wp-content\/uploads\/2022\/12\/MarchedeNoel-devecey_12-2022-768x567.png 768w, http:\/\/leliseron.com\/wp-content\/uploads\/2022\/12\/MarchedeNoel-devecey_12-2022-700x517.png 700w, http:\/\/leliseron.com\/wp-content\/uploads\/2022\/12\/MarchedeNoel-devecey_12-2022.png 1156w\" sizes=\"auto, (max-width: 1024px) 100vw, 1024px\" \/><\/a><figcaption class=\"wp-element-caption\"><em>R\u00e9gine et Michel au March\u00e9 de No\u00ebl de Devecey<\/em><\/figcaption><\/figure>\n<\/div>","protected":false},"excerpt":{"rendered":"<p>R\u00e9gine et Michel ont propos\u00e9, au public nombreux, des articles publicitaires et d\u00e9corations de No\u00ebl pour le Liseron au march\u00e9 de No\u00ebl le 4 d\u00e9cembre de 10&nbsp;h \u00e0 18&nbsp; h dans la salle des f\u00eates de Devecey. Une occasion de faire de belles rencontres, d&rsquo;expliquer nos actions aupr\u00e8s des patients &#8230;<\/p>\n","protected":false},"author":1,"featured_media":3961,"comment_status":"closed","ping_status":"open","sticky":false,"template":"","format":"standard","meta":{"footnotes":""},"categories":[4],"tags":[],"class_list":["post-3943","post","type-post","status-publish","format-standard","has-post-thumbnail","hentry","category-actualites","column","threecol","has-thumbnail"],"_links":{"self":[{"href":"http:\/\/leliseron.com\/index.php?rest_route=\/wp\/v2\/posts\/3943","targetHints":{"allow":["GET"]}}],"collection":[{"href":"http:\/\/leliseron.com\/index.php?rest_route=\/wp\/v2\/posts"}],"about":[{"href":"http:\/\/leliseron.com\/index.php?rest_route=\/wp\/v2\/types\/post"}],"author":[{"embeddable":true,"href":"http:\/\/leliseron.com\/index.php?rest_route=\/wp\/v2\/users\/1"}],"replies":[{"embeddable":true,"href":"http:\/\/leliseron.com\/index.php?rest_route=%2Fwp%2Fv2%2Fcomments&post=3943"}],"version-history":[{"count":5,"href":"http:\/\/leliseron.com\/index.php?rest_route=\/wp\/v2\/posts\/3943\/revisions"}],"predecessor-version":[{"id":3964,"href":"http:\/\/leliseron.com\/index.php?rest_route=\/wp\/v2\/posts\/3943\/revisions\/3964"}],"wp:featuredmedia":[{"embeddable":true,"href":"http:\/\/leliseron.com\/index.php?rest_route=\/wp\/v2\/media\/3961"}],"wp:attachment":[{"href":"http:\/\/leliseron.com\/index.php?rest_route=%2Fwp%2Fv2%2Fmedia&parent=3943"}],"wp:term":[{"taxonomy":"category","embeddable":true,"href":"http:\/\/leliseron.com\/index.php?rest_route=%2Fwp%2Fv2%2Fcategories&post=3943"},{"taxonomy":"post_tag","embeddable":true,"href":"http:\/\/leliseron.com\/index.php?rest_route=%2Fwp%2Fv2%2Ftags&post=3943"}],"curies":[{"name":"wp","href":"https:\/\/api.w.org\/{rel}","templated":true}]}}