{"id":3922,"date":"2022-12-15T22:08:37","date_gmt":"2022-12-15T21:08:37","guid":{"rendered":"http:\/\/www.leliseron.com\/?p=3922"},"modified":"2022-12-29T14:24:19","modified_gmt":"2022-12-29T13:24:19","slug":"marche-de-noel-a-pirey","status":"publish","type":"post","link":"http:\/\/leliseron.com\/?p=3922","title":{"rendered":"March\u00e9 de No\u00ebl \u00e0\u00a0Pirey"},"content":{"rendered":"\n<div class=\"wp-block-group\"><div class=\"wp-block-group__inner-container is-layout-constrained wp-block-group-is-layout-constrained\">\n<p>Le march\u00e9 de No\u00ebl de Pirey s&rsquo;est d\u00e9roul\u00e9 le samedi 3 d\u00e9cembre dans une bonne ambiance et bienveillance. Beaucoup de personnes se sont arr\u00eat\u00e9es \u00e0 notre stand et les \u00e9changes ont \u00e9t\u00e9 riches et fructueux.<\/p>\n\n\n\n<p>Nous avons r\u00e9colt\u00e9 350 euros avec nos d\u00e9corations de No\u00ebl qui \u00e9tait le th\u00e8me du march\u00e9.<\/p>\n\n\n\n<p>\u00a0Sinc\u00e8res\u00a0 remerciements \u00e0 la mairie de Pirey.<\/p>\n<\/div><\/div>\n\n\n\n<p><\/p>\n\n\n<div class=\"wp-block-image\">\n<figure class=\"aligncenter size-large\"><a href=\"http:\/\/www.leliseron.com\/wp-content\/uploads\/2022\/12\/Marche-de-Noel_Pirey2022.jpg\" target=\"_blank\" rel=\"noreferrer noopener\"><img loading=\"lazy\" decoding=\"async\" width=\"1024\" height=\"576\" src=\"http:\/\/www.leliseron.com\/wp-content\/uploads\/2022\/12\/Marche-de-Noel_Pirey2022-1024x576.jpg\" alt=\"\" class=\"wp-image-3923\" srcset=\"http:\/\/leliseron.com\/wp-content\/uploads\/2022\/12\/Marche-de-Noel_Pirey2022-1024x576.jpg 1024w, http:\/\/leliseron.com\/wp-content\/uploads\/2022\/12\/Marche-de-Noel_Pirey2022-300x169.jpg 300w, http:\/\/leliseron.com\/wp-content\/uploads\/2022\/12\/Marche-de-Noel_Pirey2022-768x432.jpg 768w, http:\/\/leliseron.com\/wp-content\/uploads\/2022\/12\/Marche-de-Noel_Pirey2022-1536x864.jpg 1536w, http:\/\/leliseron.com\/wp-content\/uploads\/2022\/12\/Marche-de-Noel_Pirey2022-700x393.jpg 700w, http:\/\/leliseron.com\/wp-content\/uploads\/2022\/12\/Marche-de-Noel_Pirey2022.jpg 2000w\" sizes=\"auto, (max-width: 1024px) 100vw, 1024px\" \/><\/a><figcaption class=\"wp-element-caption\">                      <\/figcaption><\/figure>\n<\/div>\n\n\n<p class=\"has-text-align-center\"><em>Monique et Christiane tenait le stand du Liseron<\/em><\/p>\n","protected":false},"excerpt":{"rendered":"<p>Le march\u00e9 de No\u00ebl de Pirey s&rsquo;est d\u00e9roul\u00e9 le samedi 3 d\u00e9cembre dans une bonne ambiance et bienveillance. Beaucoup de personnes se sont arr\u00eat\u00e9es \u00e0 notre stand et les \u00e9changes ont \u00e9t\u00e9 riches et fructueux. Nous avons r\u00e9colt\u00e9 350 euros avec nos d\u00e9corations de No\u00ebl qui \u00e9tait le th\u00e8me du &#8230;<\/p>\n","protected":false},"author":1,"featured_media":3923,"comment_status":"closed","ping_status":"open","sticky":false,"template":"","format":"standard","meta":{"footnotes":""},"categories":[4],"tags":[],"class_list":["post-3922","post","type-post","status-publish","format-standard","has-post-thumbnail","hentry","category-actualites","column","threecol","has-thumbnail"],"_links":{"self":[{"href":"http:\/\/leliseron.com\/index.php?rest_route=\/wp\/v2\/posts\/3922","targetHints":{"allow":["GET"]}}],"collection":[{"href":"http:\/\/leliseron.com\/index.php?rest_route=\/wp\/v2\/posts"}],"about":[{"href":"http:\/\/leliseron.com\/index.php?rest_route=\/wp\/v2\/types\/post"}],"author":[{"embeddable":true,"href":"http:\/\/leliseron.com\/index.php?rest_route=\/wp\/v2\/users\/1"}],"replies":[{"embeddable":true,"href":"http:\/\/leliseron.com\/index.php?rest_route=%2Fwp%2Fv2%2Fcomments&post=3922"}],"version-history":[{"count":18,"href":"http:\/\/leliseron.com\/index.php?rest_route=\/wp\/v2\/posts\/3922\/revisions"}],"predecessor-version":[{"id":3949,"href":"http:\/\/leliseron.com\/index.php?rest_route=\/wp\/v2\/posts\/3922\/revisions\/3949"}],"wp:featuredmedia":[{"embeddable":true,"href":"http:\/\/leliseron.com\/index.php?rest_route=\/wp\/v2\/media\/3923"}],"wp:attachment":[{"href":"http:\/\/leliseron.com\/index.php?rest_route=%2Fwp%2Fv2%2Fmedia&parent=3922"}],"wp:term":[{"taxonomy":"category","embeddable":true,"href":"http:\/\/leliseron.com\/index.php?rest_route=%2Fwp%2Fv2%2Fcategories&post=3922"},{"taxonomy":"post_tag","embeddable":true,"href":"http:\/\/leliseron.com\/index.php?rest_route=%2Fwp%2Fv2%2Ftags&post=3922"}],"curies":[{"name":"wp","href":"https:\/\/api.w.org\/{rel}","templated":true}]}}