{"id":3844,"date":"2022-08-30T12:29:55","date_gmt":"2022-08-30T11:29:55","guid":{"rendered":"http:\/\/www.leliseron.com\/?p=3844"},"modified":"2022-09-07T22:23:29","modified_gmt":"2022-09-07T21:23:29","slug":"equassos-4-sept-2022-a-concordray","status":"publish","type":"post","link":"http:\/\/leliseron.com\/?p=3844","title":{"rendered":"EQUA&rsquo;SSOSS &#8211; 4 sept 2022 \u00e0 Corcondray"},"content":{"rendered":"\n<p>L&rsquo;association <strong>Fontenelles Cheval<\/strong> revient pour une <strong>3e \u00e9dition<\/strong> de l&rsquo;<strong>Equ&rsquo;Assos<\/strong>s le <strong>dimanche 4 septembre 2022 \u00e0 Corcondray<\/strong> (Doubs). Cet \u00e9v\u00e8nement solidaire a pour but de promouvoir l&rsquo;\u00e9quitation de loisirs et les cavaliers, mais \u00e9galement de soutenir des associations d&rsquo;aide aux enfants malades ou en situation de handicap.<\/p>\n\n\n\n<p>Cette ann\u00e9e 35 cavaliers sont inscrits, ils seront r\u00e9partis en 5 \u00e9quipes et parraineront une des 5 associations qui leur seront attribu\u00e9es.<\/p>\n\n\n\n<p><br>Le b\u00e9n\u00e9fice de la journ\u00e9e sera ensuite revers\u00e9 en int\u00e9gralit\u00e9 aux associations, en 2019, lors de la premi\u00e8re \u00e9dition 600 \u20ac avaient \u00e9t\u00e9 revers\u00e9s et en 2021 c&rsquo;\u00e9tait un total de 1500 \u20ac.<br><\/p>\n\n\n\n<p>Le dimanche 4 septembre 2022 vous pourrez donc d\u00e9couvrir ce concours \u00e9questre, qui se d\u00e9roulera en deux parties : le matin une boucle chronom\u00e9tr\u00e9e et l&rsquo;apr\u00e8s-midi une \u00e9preuve sur site (13h30-17h30 : \u00e9preuve \u00ab\u00a0Parcours en Terrain Vari\u00e9\u00a0\u00bb).<br><\/p>\n\n\n\n<p>17h30 : r\u00e9sultats et remise des prix aux cavaliers(\u00e8res) et tirage de la tombola.<\/p>\n\n\n\n<p><\/p>\n\n\n\n<p>Vous pourrez \u00e9galement profiter sur place d&rsquo;une buvette, d&rsquo;un barbecue musical (12h &#8211; 13h30), de diverses animations pour enfants, de promenades en poneys, d&rsquo;une tombola (gros lot: une nuit en cabane pour deux personnes), de la pr\u00e9sence des association parrain\u00e9es,&nbsp; ou encore d&rsquo;un parking am\u00e9ricain. Le tout dans une ambiance festive et solidaire.<br><br>+ d&rsquo;infos : <strong>06 83 51 51 52<\/strong><br>Facebook : <a href=\"https:\/\/www.facebook.com\/FontenellesCheval\" target=\"_blank\" rel=\"noreferrer noopener\">#Fontenelles Cheval<\/a><\/p>\n\n\n\n<div class=\"wp-block-image\"><figure class=\"aligncenter size-large is-resized\"><a href=\"http:\/\/www.leliseron.com\/wp-content\/uploads\/2022\/08\/Affiche-EquAssos-Concordray-sept2022.jpg\"><img loading=\"lazy\" decoding=\"async\" src=\"http:\/\/www.leliseron.com\/wp-content\/uploads\/2022\/08\/Affiche-EquAssos-Concordray-sept2022-684x1024.jpg\" alt=\"\" class=\"wp-image-3847\" width=\"446\" height=\"667\" srcset=\"http:\/\/leliseron.com\/wp-content\/uploads\/2022\/08\/Affiche-EquAssos-Concordray-sept2022-684x1024.jpg 684w, http:\/\/leliseron.com\/wp-content\/uploads\/2022\/08\/Affiche-EquAssos-Concordray-sept2022-200x300.jpg 200w, http:\/\/leliseron.com\/wp-content\/uploads\/2022\/08\/Affiche-EquAssos-Concordray-sept2022-768x1149.jpg 768w, http:\/\/leliseron.com\/wp-content\/uploads\/2022\/08\/Affiche-EquAssos-Concordray-sept2022-700x1047.jpg 700w, http:\/\/leliseron.com\/wp-content\/uploads\/2022\/08\/Affiche-EquAssos-Concordray-sept2022.jpg 820w\" sizes=\"auto, (max-width: 446px) 100vw, 446px\" \/><\/a><\/figure><\/div>\n","protected":false},"excerpt":{"rendered":"<p>L&rsquo;association Fontenelles Cheval revient pour une 3e \u00e9dition de l&rsquo;Equ&rsquo;Assoss le dimanche 4 septembre 2022 \u00e0 Corcondray (Doubs). Cet \u00e9v\u00e8nement solidaire a pour but de promouvoir l&rsquo;\u00e9quitation de loisirs et les cavaliers, mais \u00e9galement de soutenir des associations d&rsquo;aide aux enfants malades ou en situation de handicap. Cette ann\u00e9e 35 &#8230;<\/p>\n","protected":false},"author":1,"featured_media":3852,"comment_status":"closed","ping_status":"open","sticky":false,"template":"","format":"standard","meta":{"footnotes":""},"categories":[4],"tags":[],"class_list":["post-3844","post","type-post","status-publish","format-standard","has-post-thumbnail","hentry","category-actualites","column","threecol","has-thumbnail"],"_links":{"self":[{"href":"http:\/\/leliseron.com\/index.php?rest_route=\/wp\/v2\/posts\/3844","targetHints":{"allow":["GET"]}}],"collection":[{"href":"http:\/\/leliseron.com\/index.php?rest_route=\/wp\/v2\/posts"}],"about":[{"href":"http:\/\/leliseron.com\/index.php?rest_route=\/wp\/v2\/types\/post"}],"author":[{"embeddable":true,"href":"http:\/\/leliseron.com\/index.php?rest_route=\/wp\/v2\/users\/1"}],"replies":[{"embeddable":true,"href":"http:\/\/leliseron.com\/index.php?rest_route=%2Fwp%2Fv2%2Fcomments&post=3844"}],"version-history":[{"count":7,"href":"http:\/\/leliseron.com\/index.php?rest_route=\/wp\/v2\/posts\/3844\/revisions"}],"predecessor-version":[{"id":3875,"href":"http:\/\/leliseron.com\/index.php?rest_route=\/wp\/v2\/posts\/3844\/revisions\/3875"}],"wp:featuredmedia":[{"embeddable":true,"href":"http:\/\/leliseron.com\/index.php?rest_route=\/wp\/v2\/media\/3852"}],"wp:attachment":[{"href":"http:\/\/leliseron.com\/index.php?rest_route=%2Fwp%2Fv2%2Fmedia&parent=3844"}],"wp:term":[{"taxonomy":"category","embeddable":true,"href":"http:\/\/leliseron.com\/index.php?rest_route=%2Fwp%2Fv2%2Fcategories&post=3844"},{"taxonomy":"post_tag","embeddable":true,"href":"http:\/\/leliseron.com\/index.php?rest_route=%2Fwp%2Fv2%2Ftags&post=3844"}],"curies":[{"name":"wp","href":"https:\/\/api.w.org\/{rel}","templated":true}]}}