{"id":3802,"date":"2022-06-29T10:58:53","date_gmt":"2022-06-29T09:58:53","guid":{"rendered":"http:\/\/www.leliseron.com\/?p=3802"},"modified":"2022-06-29T11:12:02","modified_gmt":"2022-06-29T10:12:02","slug":"journee-parapente-du-21-mai-dernier","status":"publish","type":"post","link":"http:\/\/leliseron.com\/?p=3802","title":{"rendered":"Journ\u00e9e Parapente du 21 mai 2022"},"content":{"rendered":"\n<p>Le 21 mai dernier, trois associations se sont regroup\u00e9es pour donner du plaisir \u00e0 des enfants malades ou handicap\u00e9es ainsi qu&rsquo;\u00e0 leur famille.\u00a0<\/p>\n\n\n\n<p>L&rsquo;association <strong>Le Liseron<\/strong> en h\u00e9matologie, <strong>Petit bout de Ficelle<\/strong> et ses jeunes d&rsquo;IME et la troisi\u00e8me association <strong>Lib\u00e8re-T-ailes<\/strong>, des pro du parapente et leur mat\u00e9riel et logistique.<br>Ce sont ces pros, qui ont fait voler notre public.<br><br><strong>21 vols<\/strong> en tout ont \u00e9t\u00e9 r\u00e9alis\u00e9s pour le plus grand plaisir des petits et des grands. Les conditions de vent n&rsquo;\u00e9taient pas optimales \u2014 manque de vent \u2014 mais le soleil nous a accompagn\u00e9s tout au long de cette magnifique journ\u00e9e.\u00a0<br><br>Le soir, fatigu\u00e9s de cette dure journ\u00e9e, les trois associations ont partag\u00e9 une plancha, ainsi que le verre de l&rsquo;amiti\u00e9.<br><\/p>\n\n\n\n<figure class=\"wp-block-gallery aligncenter has-nested-images columns-default is-cropped wp-block-gallery-1 is-layout-flex wp-block-gallery-is-layout-flex\">\n<figure class=\"wp-block-image size-large\"><a href=\"http:\/\/www.leliseron.com\/wp-content\/uploads\/2022\/06\/parapente_2mai2022-1-1-768x1024.jpeg\" target=\"_blank\" rel=\"noopener\"><img decoding=\"async\" src=\"http:\/\/www.leliseron.com\/wp-content\/uploads\/2022\/06\/parapente_2mai2022-1-1-768x1024.jpeg\" alt=\"\"\/><\/a><\/figure>\n\n\n\n<figure class=\"wp-block-image size-large\"><a href=\"http:\/\/www.leliseron.com\/wp-content\/uploads\/2022\/06\/parapente_2mai2022-2-1-768x1024.jpeg\"><img decoding=\"async\" src=\"http:\/\/www.leliseron.com\/wp-content\/uploads\/2022\/06\/parapente_2mai2022-2-1-768x1024.jpeg\" alt=\"\"\/><\/a><\/figure>\n\n\n\n<figure class=\"wp-block-image size-large\"><a href=\"http:\/\/www.leliseron.com\/wp-content\/uploads\/2022\/06\/parapente_2mai2022-3-1-768x1024.jpeg\"><img decoding=\"async\" src=\"http:\/\/www.leliseron.com\/wp-content\/uploads\/2022\/06\/parapente_2mai2022-3-1-768x1024.jpeg\" alt=\"\"\/><\/a><\/figure>\n\n\n\n<figure class=\"wp-block-image size-large\"><a href=\"http:\/\/www.leliseron.com\/wp-content\/uploads\/2022\/06\/parapente_2mai2022-4-1-768x1024.jpeg\"><img decoding=\"async\" src=\"http:\/\/www.leliseron.com\/wp-content\/uploads\/2022\/06\/parapente_2mai2022-4-1-768x1024.jpeg\" alt=\"\"\/><\/a><\/figure>\n<\/figure>\n","protected":false},"excerpt":{"rendered":"<p>Le 21 mai dernier, trois associations se sont regroup\u00e9es pour donner du plaisir \u00e0 des enfants malades ou handicap\u00e9es ainsi qu&rsquo;\u00e0 leur famille.\u00a0 L&rsquo;association Le Liseron en h\u00e9matologie, Petit bout de Ficelle et ses jeunes d&rsquo;IME et la troisi\u00e8me association Lib\u00e8re-T-ailes, des pro du parapente et leur mat\u00e9riel et logistique.Ce &#8230;<\/p>\n","protected":false},"author":1,"featured_media":3805,"comment_status":"closed","ping_status":"open","sticky":false,"template":"","format":"standard","meta":{"footnotes":""},"categories":[4],"tags":[],"class_list":["post-3802","post","type-post","status-publish","format-standard","has-post-thumbnail","hentry","category-actualites","column","threecol","has-thumbnail"],"_links":{"self":[{"href":"http:\/\/leliseron.com\/index.php?rest_route=\/wp\/v2\/posts\/3802","targetHints":{"allow":["GET"]}}],"collection":[{"href":"http:\/\/leliseron.com\/index.php?rest_route=\/wp\/v2\/posts"}],"about":[{"href":"http:\/\/leliseron.com\/index.php?rest_route=\/wp\/v2\/types\/post"}],"author":[{"embeddable":true,"href":"http:\/\/leliseron.com\/index.php?rest_route=\/wp\/v2\/users\/1"}],"replies":[{"embeddable":true,"href":"http:\/\/leliseron.com\/index.php?rest_route=%2Fwp%2Fv2%2Fcomments&post=3802"}],"version-history":[{"count":21,"href":"http:\/\/leliseron.com\/index.php?rest_route=\/wp\/v2\/posts\/3802\/revisions"}],"predecessor-version":[{"id":3834,"href":"http:\/\/leliseron.com\/index.php?rest_route=\/wp\/v2\/posts\/3802\/revisions\/3834"}],"wp:featuredmedia":[{"embeddable":true,"href":"http:\/\/leliseron.com\/index.php?rest_route=\/wp\/v2\/media\/3805"}],"wp:attachment":[{"href":"http:\/\/leliseron.com\/index.php?rest_route=%2Fwp%2Fv2%2Fmedia&parent=3802"}],"wp:term":[{"taxonomy":"category","embeddable":true,"href":"http:\/\/leliseron.com\/index.php?rest_route=%2Fwp%2Fv2%2Fcategories&post=3802"},{"taxonomy":"post_tag","embeddable":true,"href":"http:\/\/leliseron.com\/index.php?rest_route=%2Fwp%2Fv2%2Ftags&post=3802"}],"curies":[{"name":"wp","href":"https:\/\/api.w.org\/{rel}","templated":true}]}}