{"id":3650,"date":"2022-01-28T10:59:07","date_gmt":"2022-01-28T09:59:07","guid":{"rendered":"http:\/\/www.leliseron.com\/?p=3650"},"modified":"2022-01-28T11:05:50","modified_gmt":"2022-01-28T10:05:50","slug":"spectacles-des-etincelles","status":"publish","type":"post","link":"http:\/\/leliseron.com\/?p=3650","title":{"rendered":"Spectacles des \u00c9tincelles"},"content":{"rendered":"\n<div class=\"wp-block-image\"><figure class=\"aligncenter size-large is-resized\"><a href=\"http:\/\/www.leliseron.com\/wp-content\/uploads\/2022\/01\/clips-et-des-claps-toutes-dates-2022.jpg\" target=\"_blank\" rel=\"noopener\"><img loading=\"lazy\" decoding=\"async\" src=\"http:\/\/www.leliseron.com\/wp-content\/uploads\/2022\/01\/clips-et-des-claps-toutes-dates-2022-1024x1024.jpg\" alt=\"\" class=\"wp-image-3652\" width=\"418\" height=\"418\" srcset=\"http:\/\/leliseron.com\/wp-content\/uploads\/2022\/01\/clips-et-des-claps-toutes-dates-2022-1024x1024.jpg 1024w, http:\/\/leliseron.com\/wp-content\/uploads\/2022\/01\/clips-et-des-claps-toutes-dates-2022-300x300.jpg 300w, http:\/\/leliseron.com\/wp-content\/uploads\/2022\/01\/clips-et-des-claps-toutes-dates-2022-150x150.jpg 150w, http:\/\/leliseron.com\/wp-content\/uploads\/2022\/01\/clips-et-des-claps-toutes-dates-2022-768x768.jpg 768w, http:\/\/leliseron.com\/wp-content\/uploads\/2022\/01\/clips-et-des-claps-toutes-dates-2022-432x432.jpg 432w, http:\/\/leliseron.com\/wp-content\/uploads\/2022\/01\/clips-et-des-claps-toutes-dates-2022-268x268.jpg 268w, http:\/\/leliseron.com\/wp-content\/uploads\/2022\/01\/clips-et-des-claps-toutes-dates-2022-700x700.jpg 700w, http:\/\/leliseron.com\/wp-content\/uploads\/2022\/01\/clips-et-des-claps-toutes-dates-2022.jpg 1240w\" sizes=\"auto, (max-width: 418px) 100vw, 418px\" \/><\/a><\/figure><\/div>\n\n\n\n<p class=\"has-text-align-center\">Apr\u00e8s deux ann\u00e9es blanches pour cause sanitaire, <br>la troupe des\u00a0<strong>Etincelles<\/strong>\u00a0a repris ses spectacles <br>au profit des enfants malades.<\/p>\n\n\n\n<p><br>Nous avons assist\u00e9 \u00e0 la premi\u00e8re repr\u00e9sentation \u00e0 Port sur Sa\u00f4ne le 22 janvier : <br>spectacle d&rsquo;une tr\u00e8s grande qualit\u00e9 et une jeunesse fraternelle et solidaire&#8230;<\/p>\n\n\n\n<p>Une occasion \u00e0 ne pas rater si vous \u00eates disponibles aux dates o\u00f9 ils se produisent pr\u00e8s de chez vous.<\/p>\n\n\n\n<p>Ci-dessous : quelques aper\u00e7us de la troupe et des spectacles ant\u00e9rieurs.<\/p>\n\n\n\n<figure class=\"wp-block-embed is-type-video is-provider-youtube wp-block-embed-youtube wp-embed-aspect-16-9 wp-has-aspect-ratio\"><div class=\"wp-block-embed__wrapper\">\n<div class=\"epyt-video-wrapper\"><iframe loading=\"lazy\"  style=\"display: block; margin: 0px auto;\"  id=\"_ytid_85661\"  width=\"660\" height=\"371\"  data-origwidth=\"660\" data-origheight=\"371\"  data-relstop=\"1\" src=\"https:\/\/www.youtube.com\/embed\/xZ39x9Px0KI?enablejsapi=1&#038;autoplay=0&#038;cc_load_policy=0&#038;cc_lang_pref=&#038;iv_load_policy=1&#038;loop=0&#038;modestbranding=0&#038;rel=0&#038;fs=0&#038;playsinline=0&#038;autohide=2&#038;theme=dark&#038;color=red&#038;controls=1&#038;\" class=\"__youtube_prefs__  epyt-is-override  no-lazyload\" title=\"YouTube player\"  allow=\"fullscreen; accelerometer; autoplay; clipboard-write; encrypted-media; gyroscope; picture-in-picture\" allowfullscreen data-no-lazy=\"1\" data-skipgform_ajax_framebjll=\"\"><\/iframe><\/div>\n<\/div><\/figure>\n\n\n\n<figure class=\"wp-block-embed is-type-video is-provider-youtube wp-block-embed-youtube wp-embed-aspect-16-9 wp-has-aspect-ratio\"><div class=\"wp-block-embed__wrapper\">\n<div class=\"epyt-video-wrapper\"><iframe loading=\"lazy\"  style=\"display: block; margin: 0px auto;\"  id=\"_ytid_43132\"  width=\"660\" height=\"371\"  data-origwidth=\"660\" data-origheight=\"371\"  data-relstop=\"1\" src=\"https:\/\/www.youtube.com\/embed\/7hnbbT7HmP8?enablejsapi=1&#038;autoplay=0&#038;cc_load_policy=0&#038;cc_lang_pref=&#038;iv_load_policy=1&#038;loop=0&#038;modestbranding=0&#038;rel=0&#038;fs=0&#038;playsinline=0&#038;autohide=2&#038;theme=dark&#038;color=red&#038;controls=1&#038;\" class=\"__youtube_prefs__  epyt-is-override  no-lazyload\" title=\"YouTube player\"  allow=\"fullscreen; accelerometer; autoplay; clipboard-write; encrypted-media; gyroscope; picture-in-picture\" allowfullscreen data-no-lazy=\"1\" data-skipgform_ajax_framebjll=\"\"><\/iframe><\/div>\n<\/div><\/figure>\n\n\n\n<figure class=\"wp-block-embed is-type-video is-provider-youtube wp-block-embed-youtube wp-embed-aspect-16-9 wp-has-aspect-ratio\"><div class=\"wp-block-embed__wrapper\">\n<div class=\"epyt-video-wrapper\"><iframe loading=\"lazy\"  style=\"display: block; margin: 0px auto;\"  id=\"_ytid_89840\"  width=\"660\" height=\"371\"  data-origwidth=\"660\" data-origheight=\"371\"  data-relstop=\"1\" src=\"https:\/\/www.youtube.com\/embed\/oM7Wwsbyfsk?enablejsapi=1&#038;autoplay=0&#038;cc_load_policy=0&#038;cc_lang_pref=&#038;iv_load_policy=1&#038;loop=0&#038;modestbranding=0&#038;rel=0&#038;fs=0&#038;playsinline=0&#038;autohide=2&#038;theme=dark&#038;color=red&#038;controls=1&#038;\" class=\"__youtube_prefs__  epyt-is-override  no-lazyload\" title=\"YouTube player\"  allow=\"fullscreen; accelerometer; autoplay; clipboard-write; encrypted-media; gyroscope; picture-in-picture\" allowfullscreen data-no-lazy=\"1\" data-skipgform_ajax_framebjll=\"\"><\/iframe><\/div>\n<\/div><\/figure>\n\n\n\n<p>Les b\u00e9n\u00e9fices de leurs manifestations sont revers\u00e9es \u00e0 3 associations :<\/p>\n\n\n\n<ul class=\"wp-block-list\"><li><strong> P&rsquo;tits bouts de ficelle<\/strong>\u00a0: qui permet \u00e0 des enfants malades de r\u00e9aliser leur r\u00eave (voyage dans une voiture de luxe ou de course, voyage&#8230;).<\/li><li><strong>R\u00e9a-gir <\/strong>: pour les enfants en r\u00e9animation p\u00e9diatrique.<\/li><li><strong>Le Liseron <\/strong>: qui, depuis 33 ans, accompagne les familles d&rsquo;enfants hospitalis\u00e9s en H\u00e9matologie-Oncologie-P\u00e9diatrique et les adultes en H\u00e9mato-adulte au CHRU de Besan\u00e7on et qui finance plusieurs intervenants (socio-esth\u00e9ticienne, musicologue, activit\u00e9 physique adapt\u00e9e et&#8230; surtout les clowns).<br><br><br><\/li><\/ul>\n\n\n\n<p><\/p>\n\n\n\n<p>Bien amicalement<\/p>\n","protected":false},"excerpt":{"rendered":"<p>Apr\u00e8s deux ann\u00e9es blanches pour cause sanitaire, la troupe des\u00a0Etincelles\u00a0a repris ses spectacles au profit des enfants malades. Nous avons assist\u00e9 \u00e0 la premi\u00e8re repr\u00e9sentation \u00e0 Port sur Sa\u00f4ne le 22 janvier : spectacle d&rsquo;une tr\u00e8s grande qualit\u00e9 et une jeunesse fraternelle et solidaire&#8230; Une occasion \u00e0 ne pas rater &#8230;<\/p>\n","protected":false},"author":1,"featured_media":3652,"comment_status":"closed","ping_status":"open","sticky":false,"template":"","format":"standard","meta":{"footnotes":""},"categories":[57,15],"tags":[],"class_list":["post-3650","post","type-post","status-publish","format-standard","has-post-thumbnail","hentry","category-a-la-une","category-manifestation-exterieure","column","threecol","has-thumbnail"],"_links":{"self":[{"href":"http:\/\/leliseron.com\/index.php?rest_route=\/wp\/v2\/posts\/3650","targetHints":{"allow":["GET"]}}],"collection":[{"href":"http:\/\/leliseron.com\/index.php?rest_route=\/wp\/v2\/posts"}],"about":[{"href":"http:\/\/leliseron.com\/index.php?rest_route=\/wp\/v2\/types\/post"}],"author":[{"embeddable":true,"href":"http:\/\/leliseron.com\/index.php?rest_route=\/wp\/v2\/users\/1"}],"replies":[{"embeddable":true,"href":"http:\/\/leliseron.com\/index.php?rest_route=%2Fwp%2Fv2%2Fcomments&post=3650"}],"version-history":[{"count":10,"href":"http:\/\/leliseron.com\/index.php?rest_route=\/wp\/v2\/posts\/3650\/revisions"}],"predecessor-version":[{"id":3663,"href":"http:\/\/leliseron.com\/index.php?rest_route=\/wp\/v2\/posts\/3650\/revisions\/3663"}],"wp:featuredmedia":[{"embeddable":true,"href":"http:\/\/leliseron.com\/index.php?rest_route=\/wp\/v2\/media\/3652"}],"wp:attachment":[{"href":"http:\/\/leliseron.com\/index.php?rest_route=%2Fwp%2Fv2%2Fmedia&parent=3650"}],"wp:term":[{"taxonomy":"category","embeddable":true,"href":"http:\/\/leliseron.com\/index.php?rest_route=%2Fwp%2Fv2%2Fcategories&post=3650"},{"taxonomy":"post_tag","embeddable":true,"href":"http:\/\/leliseron.com\/index.php?rest_route=%2Fwp%2Fv2%2Ftags&post=3650"}],"curies":[{"name":"wp","href":"https:\/\/api.w.org\/{rel}","templated":true}]}}