{"id":3543,"date":"2021-10-25T22:35:06","date_gmt":"2021-10-25T21:35:06","guid":{"rendered":"http:\/\/www.leliseron.com\/?p=3543"},"modified":"2021-10-25T22:35:58","modified_gmt":"2021-10-25T21:35:58","slug":"quelques-nouvelles-du-liseron","status":"publish","type":"post","link":"http:\/\/leliseron.com\/?p=3543","title":{"rendered":"Quelques nouvelles du\u00a0Liseron&#8230;"},"content":{"rendered":"\n<p>Les activit\u00e9s pour les patients reprennent. <\/p>\n\n\n\n<p>Ainsi <strong>les Clowns<\/strong> ont repris le mercredi 20 octobre dernier :<br><strong>GAMBUTTO<\/strong> (Yvan) et <strong>SCARLETT<\/strong> (Daphn\u00e9).<br>Le 27 octobre, viendront <strong>AYE OUILLE<\/strong> (Khaled) et <strong>GAMBUTTO<\/strong>.<br><br>Les activit\u00e9s Musiques et la coiffeuse ont repris de m\u00eame.<\/p>\n\n\n\n<p>Samedi 16 octobre, une rencontre a eu lieu au salon des familles du Liseron de l&rsquo;\u00e9quipe HOP avec <strong>Marylise DOUSSOT<\/strong> : \u00e9changes tr\u00e8s fructueux pour les b\u00e9n\u00e9voles et pour Marylise.<br><br>Une rencontre parents\/b\u00e9n\u00e9voles a \u00e9t\u00e9 programm\u00e9e.<\/p>\n\n\n\n<p>Reprise du dossier \u00ab<strong>Adolescents Jeunes Adultes<\/strong>\u00bb (en rappelant que ce dossier s\u2019inscrit dans le travail de l\u2019\u00e9quipe AJA du r\u00e9seau de canc\u00e9rologie Bourgogne Franche-Comt\u00e9 qui a d\u00e9but\u00e9 ce mois d\u2019octobre).<br><br>A retenir prochainement : <strong>Concerts solidaires au Kursaal<\/strong><br><br>Madame <strong>JEANIN<\/strong> (travaillant \u00e0 la Culture \u00e0 la municipalit\u00e9 de Besan\u00e7on) met en place non pas un mais deux concerts solidaires les <strong>15\/01<\/strong> et <strong>16\/01<\/strong> 20h au Kursaal : 2 pianistes, 1 chorale Gospels. <br>Fredk Ecco, Sandrine BOUVET, Fr\u00e9d\u00e9ric LANGLOIS sont d\u00e9j\u00e0 au programme.<br><br>Nous vous donnerons plus d&rsquo;info prochainement.<br><br><br><br><\/p>\n","protected":false},"excerpt":{"rendered":"<p>Les activit\u00e9s pour les patients reprennent. Ainsi les Clowns ont repris le mercredi 20 octobre dernier :GAMBUTTO (Yvan) et SCARLETT (Daphn\u00e9).Le 27 octobre, viendront AYE OUILLE (Khaled) et GAMBUTTO. Les activit\u00e9s Musiques et la coiffeuse ont repris de m\u00eame. Samedi 16 octobre, une rencontre a eu lieu au salon des &#8230;<\/p>\n","protected":false},"author":1,"featured_media":0,"comment_status":"closed","ping_status":"open","sticky":false,"template":"","format":"standard","meta":{"footnotes":""},"categories":[4],"tags":[],"class_list":["post-3543","post","type-post","status-publish","format-standard","hentry","category-actualites","column","threecol"],"_links":{"self":[{"href":"http:\/\/leliseron.com\/index.php?rest_route=\/wp\/v2\/posts\/3543","targetHints":{"allow":["GET"]}}],"collection":[{"href":"http:\/\/leliseron.com\/index.php?rest_route=\/wp\/v2\/posts"}],"about":[{"href":"http:\/\/leliseron.com\/index.php?rest_route=\/wp\/v2\/types\/post"}],"author":[{"embeddable":true,"href":"http:\/\/leliseron.com\/index.php?rest_route=\/wp\/v2\/users\/1"}],"replies":[{"embeddable":true,"href":"http:\/\/leliseron.com\/index.php?rest_route=%2Fwp%2Fv2%2Fcomments&post=3543"}],"version-history":[{"count":2,"href":"http:\/\/leliseron.com\/index.php?rest_route=\/wp\/v2\/posts\/3543\/revisions"}],"predecessor-version":[{"id":3545,"href":"http:\/\/leliseron.com\/index.php?rest_route=\/wp\/v2\/posts\/3543\/revisions\/3545"}],"wp:attachment":[{"href":"http:\/\/leliseron.com\/index.php?rest_route=%2Fwp%2Fv2%2Fmedia&parent=3543"}],"wp:term":[{"taxonomy":"category","embeddable":true,"href":"http:\/\/leliseron.com\/index.php?rest_route=%2Fwp%2Fv2%2Fcategories&post=3543"},{"taxonomy":"post_tag","embeddable":true,"href":"http:\/\/leliseron.com\/index.php?rest_route=%2Fwp%2Fv2%2Ftags&post=3543"}],"curies":[{"name":"wp","href":"https:\/\/api.w.org\/{rel}","templated":true}]}}