{"id":3521,"date":"2021-09-22T23:31:43","date_gmt":"2021-09-22T22:31:43","guid":{"rendered":"http:\/\/www.leliseron.com\/?p=3521"},"modified":"2021-09-22T23:44:49","modified_gmt":"2021-09-22T22:44:49","slug":"retour-sur-laperitif-dansant-du-1er-janvier-2020-a-villers-le-lac","status":"publish","type":"post","link":"http:\/\/leliseron.com\/?p=3521","title":{"rendered":"Retour sur l&rsquo;ap\u00e9ritif dansant du 1er janvier 2020 \u00e0 Villers-le-Lac"},"content":{"rendered":"\n<p>Le Pr\u00e9sident du fan Club de Daniel GIRARD (accord\u00e9oniste) et Daniel lui-m\u00eame sont venus aux bureaux du Liseron vendredi 17 septembre \u00e0 10 h pour la remise d&rsquo;un ch\u00e8que, fruit de l\u2019organisation de l\u2019ap\u00e9ritif dansant du premier janvier 2020\u00a0:\u00a0<strong>1000 \u20ac<\/strong> (l&rsquo;\u00e9dition 2021 n&rsquo;ayant pas eu lieu pour cause de contraintes sanitaires). <br><\/p>\n\n\n\n<figure class=\"wp-block-image size-large\"><a href=\"http:\/\/www.leliseron.com\/wp-content\/uploads\/2021\/09\/Remise-du-che\u0300que.jpg\"><img loading=\"lazy\" decoding=\"async\" width=\"1024\" height=\"768\" src=\"http:\/\/www.leliseron.com\/wp-content\/uploads\/2021\/09\/Remise-du-che\u0300que-1024x768.jpg\" alt=\"\" class=\"wp-image-3523\" srcset=\"http:\/\/leliseron.com\/wp-content\/uploads\/2021\/09\/Remise-du-che\u0300que-1024x768.jpg 1024w, http:\/\/leliseron.com\/wp-content\/uploads\/2021\/09\/Remise-du-che\u0300que-300x225.jpg 300w, http:\/\/leliseron.com\/wp-content\/uploads\/2021\/09\/Remise-du-che\u0300que-768x576.jpg 768w, http:\/\/leliseron.com\/wp-content\/uploads\/2021\/09\/Remise-du-che\u0300que-1536x1152.jpg 1536w, http:\/\/leliseron.com\/wp-content\/uploads\/2021\/09\/Remise-du-che\u0300que-700x525.jpg 700w, http:\/\/leliseron.com\/wp-content\/uploads\/2021\/09\/Remise-du-che\u0300que.jpg 1600w\" sizes=\"auto, (max-width: 1024px) 100vw, 1024px\" \/><\/a><\/figure>\n","protected":false},"excerpt":{"rendered":"<p>Le Pr\u00e9sident du fan Club de Daniel GIRARD (accord\u00e9oniste) et Daniel lui-m\u00eame sont venus aux bureaux du Liseron vendredi 17 septembre \u00e0 10 h pour la remise d&rsquo;un ch\u00e8que, fruit de l\u2019organisation de l\u2019ap\u00e9ritif dansant du premier janvier 2020\u00a0:\u00a01000 \u20ac (l&rsquo;\u00e9dition 2021 n&rsquo;ayant pas eu lieu pour cause de contraintes &#8230;<\/p>\n","protected":false},"author":1,"featured_media":3523,"comment_status":"closed","ping_status":"open","sticky":false,"template":"","format":"standard","meta":{"footnotes":""},"categories":[4],"tags":[],"class_list":["post-3521","post","type-post","status-publish","format-standard","has-post-thumbnail","hentry","category-actualites","column","threecol","has-thumbnail"],"_links":{"self":[{"href":"http:\/\/leliseron.com\/index.php?rest_route=\/wp\/v2\/posts\/3521","targetHints":{"allow":["GET"]}}],"collection":[{"href":"http:\/\/leliseron.com\/index.php?rest_route=\/wp\/v2\/posts"}],"about":[{"href":"http:\/\/leliseron.com\/index.php?rest_route=\/wp\/v2\/types\/post"}],"author":[{"embeddable":true,"href":"http:\/\/leliseron.com\/index.php?rest_route=\/wp\/v2\/users\/1"}],"replies":[{"embeddable":true,"href":"http:\/\/leliseron.com\/index.php?rest_route=%2Fwp%2Fv2%2Fcomments&post=3521"}],"version-history":[{"count":3,"href":"http:\/\/leliseron.com\/index.php?rest_route=\/wp\/v2\/posts\/3521\/revisions"}],"predecessor-version":[{"id":3527,"href":"http:\/\/leliseron.com\/index.php?rest_route=\/wp\/v2\/posts\/3521\/revisions\/3527"}],"wp:featuredmedia":[{"embeddable":true,"href":"http:\/\/leliseron.com\/index.php?rest_route=\/wp\/v2\/media\/3523"}],"wp:attachment":[{"href":"http:\/\/leliseron.com\/index.php?rest_route=%2Fwp%2Fv2%2Fmedia&parent=3521"}],"wp:term":[{"taxonomy":"category","embeddable":true,"href":"http:\/\/leliseron.com\/index.php?rest_route=%2Fwp%2Fv2%2Fcategories&post=3521"},{"taxonomy":"post_tag","embeddable":true,"href":"http:\/\/leliseron.com\/index.php?rest_route=%2Fwp%2Fv2%2Ftags&post=3521"}],"curies":[{"name":"wp","href":"https:\/\/api.w.org\/{rel}","templated":true}]}}