{"id":3500,"date":"2021-08-26T22:40:47","date_gmt":"2021-08-26T21:40:47","guid":{"rendered":"http:\/\/www.leliseron.com\/?p=3500"},"modified":"2021-08-26T22:43:27","modified_gmt":"2021-08-26T21:43:27","slug":"college-marcel-ayme-a-chaussin-le-1er-juillet-2021","status":"publish","type":"post","link":"http:\/\/leliseron.com\/?p=3500","title":{"rendered":"Coll\u00e8ge Marcel\u00a0AYM\u00c9 \u00e0 Chaussin, le 1er\u00a0juillet\u00a02021"},"content":{"rendered":"\n<p class=\"has-text-align-left\">Les copains de Maxence (scolaris\u00e9 au coll\u00e8ge Marcel Aym\u00e9 de Chaussin et soign\u00e9 en HOP), ont organis\u00e9, le 11 juin 2021, une action de solidarit\u00e9 pour les enfants malades \u2013 action qui s&rsquo;est tourn\u00e9e vers le Liseron sous l&rsquo;impulsion de la maman de Maxence.<br>Ils ont vendu des km de marche, de course qu&rsquo;ils devaient effectuer sur un circuit de 1 km. Ils ont sollicit\u00e9 parents, amis, voisins, commer\u00e7ants, artisans et sponsors divers\u2026 Ils avaient pour objectif de faire mieux que l&rsquo;an pass\u00e9 pour une autre association et d&rsquo;apporter au moins 1000 \u20ac\u2026<br>Le jeudi 1er juillet, le pr\u00e9sident et deux membres du Liseron sont all\u00e9s \u00e0 Chaussin pour une remise de ch\u00e8que officielle en pr\u00e9sence du Principal, de Mme Louisot (CPE), d&rsquo;une d\u00e9l\u00e9gation d&rsquo;une dizaine d&rsquo;\u00e9l\u00e8ves, de Maxence et de la journaliste du Progr\u00e8s.<\/p>\n\n\n\n<p class=\"has-text-align-center has-medium-font-size\"><strong>R\u00e9sultat&nbsp;: 4243,90 \u20ac<\/strong><\/p>\n\n\n\n<figure class=\"wp-block-image size-large\"><a href=\"http:\/\/www.leliseron.com\/wp-content\/uploads\/2021\/08\/Chaussin_e\u0301le\u0300ves1.jpg\"><img loading=\"lazy\" decoding=\"async\" width=\"1024\" height=\"768\" src=\"http:\/\/www.leliseron.com\/wp-content\/uploads\/2021\/08\/Chaussin_e\u0301le\u0300ves1-1024x768.jpg\" alt=\"\" class=\"wp-image-3505\" srcset=\"http:\/\/leliseron.com\/wp-content\/uploads\/2021\/08\/Chaussin_e\u0301le\u0300ves1-1024x768.jpg 1024w, http:\/\/leliseron.com\/wp-content\/uploads\/2021\/08\/Chaussin_e\u0301le\u0300ves1-300x225.jpg 300w, http:\/\/leliseron.com\/wp-content\/uploads\/2021\/08\/Chaussin_e\u0301le\u0300ves1-768x576.jpg 768w, http:\/\/leliseron.com\/wp-content\/uploads\/2021\/08\/Chaussin_e\u0301le\u0300ves1-1536x1152.jpg 1536w, http:\/\/leliseron.com\/wp-content\/uploads\/2021\/08\/Chaussin_e\u0301le\u0300ves1-700x525.jpg 700w, http:\/\/leliseron.com\/wp-content\/uploads\/2021\/08\/Chaussin_e\u0301le\u0300ves1.jpg 1600w\" sizes=\"auto, (max-width: 1024px) 100vw, 1024px\" \/><\/a><\/figure>\n\n\n\n<p class=\"has-text-align-left\"><br>Le pr\u00e9sident a remerci\u00e9 chaleureusement les jeunes et leur encadrement :<\/p>\n\n\n\n<p>\u00ab\u00a0Un immense merci \u00e0 tous les acteurs de l\u2019\u00e9v\u00e9nement.<\/p>\n\n\n\n<p>Merci d\u00e9j\u00e0 aux \u00e9l\u00e8ves copains et copines de Maxence qui ont b\u00e2ti leur projet et couru-couru-couru sous le soleil du 11 juin.<\/p>\n\n\n\n<p>Merci \u00e0 madame Louisot, Conseill\u00e8re Principale d\u2019\u00c9ducation qui fut avec son \u00e9quipe la cheville ouvri\u00e8re de l&rsquo;op\u00e9ration et merci \u00e0 Monsieur De Filipis, Principal, qui a pris cette trame sous son aile.<br>Merci aux parents, aux familles, aux amis et aux sponsors qui ont achet\u00e9 des tours et des tours pour enrichir le don.<br>Depuis plus de trente ans, les b\u00e9n\u00e9voles du Liseron \u0153uvrent au sein de l&rsquo;h\u00f4pital de Besan\u00e7on, en H\u00e9matologie adulte et en H\u00e9matologie Oncologie P\u00e9diatriques, en lien \u00e9troit avec les \u00e9quipes soignantes et \u00e9ducatives pour accompagner les patients petits et grands et leur famille tout au long du parcours de soins, aider financi\u00e8rement les familles en difficult\u00e9, am\u00e9liorer le confort dans les chambres et dans les espaces de d\u00e9tente et ludiques.<\/p>\n\n\n\n<p>Ainsi, chaque semaine, viennent les clowns de Plein les Yeux, la musicienne de Coccinote, les soins corporels du Baume au Corps et la Gym de l&rsquo;activit\u00e9 Physique Adapt\u00e9e.<\/p>\n\n\n\n<p>Vous \u00eates maintenant, avec nous dans cet engagement et ces bouquets hebdomadaires de soutien.<\/p>\n\n\n\n<p>Tout ceci me fait dire que c&rsquo;est dans notre \u00e9cole que nait et se construit une soci\u00e9t\u00e9 d&rsquo;engagement collectif et de fraternit\u00e9.<br><\/p>\n\n\n\n<p class=\"has-text-align-right\">Merci, merci, merci.\u00a0\u00bb<br><br>Jean-Paul VERGON<\/p>\n","protected":false},"excerpt":{"rendered":"<p>Les copains de Maxence (scolaris\u00e9 au coll\u00e8ge Marcel Aym\u00e9 de Chaussin et soign\u00e9 en HOP), ont organis\u00e9, le 11 juin 2021, une action de solidarit\u00e9 pour les enfants malades \u2013 action qui s&rsquo;est tourn\u00e9e vers le Liseron sous l&rsquo;impulsion de la maman de Maxence.Ils ont vendu des km de marche, &#8230;<\/p>\n","protected":false},"author":1,"featured_media":3508,"comment_status":"closed","ping_status":"open","sticky":false,"template":"","format":"standard","meta":{"footnotes":""},"categories":[4],"tags":[88,86,77,47,87],"class_list":["post-3500","post","type-post","status-publish","format-standard","has-post-thumbnail","hentry","category-actualites","tag-chaussin","tag-college-marcel-ayme","tag-don","tag-le-liseron","tag-maxence","column","threecol","has-thumbnail"],"_links":{"self":[{"href":"http:\/\/leliseron.com\/index.php?rest_route=\/wp\/v2\/posts\/3500","targetHints":{"allow":["GET"]}}],"collection":[{"href":"http:\/\/leliseron.com\/index.php?rest_route=\/wp\/v2\/posts"}],"about":[{"href":"http:\/\/leliseron.com\/index.php?rest_route=\/wp\/v2\/types\/post"}],"author":[{"embeddable":true,"href":"http:\/\/leliseron.com\/index.php?rest_route=\/wp\/v2\/users\/1"}],"replies":[{"embeddable":true,"href":"http:\/\/leliseron.com\/index.php?rest_route=%2Fwp%2Fv2%2Fcomments&post=3500"}],"version-history":[{"count":6,"href":"http:\/\/leliseron.com\/index.php?rest_route=\/wp\/v2\/posts\/3500\/revisions"}],"predecessor-version":[{"id":3510,"href":"http:\/\/leliseron.com\/index.php?rest_route=\/wp\/v2\/posts\/3500\/revisions\/3510"}],"wp:featuredmedia":[{"embeddable":true,"href":"http:\/\/leliseron.com\/index.php?rest_route=\/wp\/v2\/media\/3508"}],"wp:attachment":[{"href":"http:\/\/leliseron.com\/index.php?rest_route=%2Fwp%2Fv2%2Fmedia&parent=3500"}],"wp:term":[{"taxonomy":"category","embeddable":true,"href":"http:\/\/leliseron.com\/index.php?rest_route=%2Fwp%2Fv2%2Fcategories&post=3500"},{"taxonomy":"post_tag","embeddable":true,"href":"http:\/\/leliseron.com\/index.php?rest_route=%2Fwp%2Fv2%2Ftags&post=3500"}],"curies":[{"name":"wp","href":"https:\/\/api.w.org\/{rel}","templated":true}]}}