{"id":3460,"date":"2021-04-14T11:23:02","date_gmt":"2021-04-14T10:23:02","guid":{"rendered":"http:\/\/www.leliseron.com\/?p=3460"},"modified":"2021-04-14T11:27:21","modified_gmt":"2021-04-14T10:27:21","slug":"ag-du-liseron-2021","status":"publish","type":"post","link":"http:\/\/leliseron.com\/?p=3460","title":{"rendered":"AG du Liseron \u2022 2021"},"content":{"rendered":"\n<p>Compte tenu du contexte de crise sanitaire, le bureau du Liseron, r\u00e9uni le 27 mars 2021 a d\u00e9cid\u00e9 de conduire son Assembl\u00e9e G\u00e9n\u00e9rale par consultation \u00e9crite et vote par correspondance (dans le cadre de la mesure gouvernementale : ordonnance N\u00b0 2020-321 et d\u00e9cret n\u00b0 2020-148). <\/p>\n\n\n\n<p>Si vous adh\u00e9rent \u00e0 l&rsquo;association Le Liseron, vous avez d\u00fb recevoir par email un ensemble de documents en rapport avec l&rsquo;activit\u00e9 du Liseron. Vous avez aussi un bulletin de vote \u00e0 nous retourner.<\/p>\n\n\n\n<p>Le vote de chaque adh\u00e9rent doit parvenir au Liseron au plus tard le samedi 24 avril 2021 par email (\u00e0&nbsp;: asso.leliseron@wanadoo.fr), ou par courrier papier (H\u00f4pital Jean Minjoz, Le Liseron, Bat. vert 2e \u00e9tage &#8211; 3 boulevard Flemming &#8211; 25030 Besan\u00e7on Cedex), ou par t\u00e9l\u00e9phone au  : 09 62 38 78 70.<\/p>\n\n\n\n<p>Le jeudi 29 avril, les membres du bureau seront convoqu\u00e9s pour constater les votes, r\u00e9pondre par \u00e9crit aux question et remarques pos\u00e9es par correspondance et pour r\u00e9diger le proc\u00e8s-verbal de l&rsquo;AG.<\/p>\n\n\n\n<p>      <\/p>\n\n\n\n<div class=\"wp-block-image\"><figure class=\"aligncenter size-large is-resized\"><img loading=\"lazy\" decoding=\"async\" src=\"http:\/\/www.leliseron.com\/wp-content\/uploads\/2021\/04\/Picto_AG-LIseron2021.jpg\" alt=\"\" class=\"wp-image-3462\" width=\"182\" height=\"128\"\/><\/figure><\/div>\n","protected":false},"excerpt":{"rendered":"<p>Compte tenu du contexte de crise sanitaire, le bureau du Liseron, r\u00e9uni le 27 mars 2021 a d\u00e9cid\u00e9 de conduire son Assembl\u00e9e G\u00e9n\u00e9rale par consultation \u00e9crite et vote par correspondance (dans le cadre de la mesure gouvernementale : ordonnance N\u00b0 2020-321 et d\u00e9cret n\u00b0 2020-148). Si vous adh\u00e9rent \u00e0 l&rsquo;association &#8230;<\/p>\n","protected":false},"author":1,"featured_media":3462,"comment_status":"closed","ping_status":"open","sticky":false,"template":"","format":"standard","meta":{"footnotes":""},"categories":[4],"tags":[],"class_list":["post-3460","post","type-post","status-publish","format-standard","has-post-thumbnail","hentry","category-actualites","column","threecol","has-thumbnail"],"_links":{"self":[{"href":"http:\/\/leliseron.com\/index.php?rest_route=\/wp\/v2\/posts\/3460","targetHints":{"allow":["GET"]}}],"collection":[{"href":"http:\/\/leliseron.com\/index.php?rest_route=\/wp\/v2\/posts"}],"about":[{"href":"http:\/\/leliseron.com\/index.php?rest_route=\/wp\/v2\/types\/post"}],"author":[{"embeddable":true,"href":"http:\/\/leliseron.com\/index.php?rest_route=\/wp\/v2\/users\/1"}],"replies":[{"embeddable":true,"href":"http:\/\/leliseron.com\/index.php?rest_route=%2Fwp%2Fv2%2Fcomments&post=3460"}],"version-history":[{"count":10,"href":"http:\/\/leliseron.com\/index.php?rest_route=\/wp\/v2\/posts\/3460\/revisions"}],"predecessor-version":[{"id":3472,"href":"http:\/\/leliseron.com\/index.php?rest_route=\/wp\/v2\/posts\/3460\/revisions\/3472"}],"wp:featuredmedia":[{"embeddable":true,"href":"http:\/\/leliseron.com\/index.php?rest_route=\/wp\/v2\/media\/3462"}],"wp:attachment":[{"href":"http:\/\/leliseron.com\/index.php?rest_route=%2Fwp%2Fv2%2Fmedia&parent=3460"}],"wp:term":[{"taxonomy":"category","embeddable":true,"href":"http:\/\/leliseron.com\/index.php?rest_route=%2Fwp%2Fv2%2Fcategories&post=3460"},{"taxonomy":"post_tag","embeddable":true,"href":"http:\/\/leliseron.com\/index.php?rest_route=%2Fwp%2Fv2%2Ftags&post=3460"}],"curies":[{"name":"wp","href":"https:\/\/api.w.org\/{rel}","templated":true}]}}