{"id":3329,"date":"2021-01-14T10:52:46","date_gmt":"2021-01-14T09:52:46","guid":{"rendered":"http:\/\/www.leliseron.com\/?p=3329"},"modified":"2021-01-14T23:15:07","modified_gmt":"2021-01-14T22:15:07","slug":"retour-sur-lannee-2020","status":"publish","type":"post","link":"http:\/\/leliseron.com\/?p=3329","title":{"rendered":"Retour sur l&rsquo;ann\u00e9e 2020"},"content":{"rendered":"\n<p>D\u00e9but juin dernier, Le Liseron a fait un don de <strong>5000 euros<\/strong> au service service d&rsquo;H\u00e9matologie Adultes de l&rsquo;h\u00f4pital Jean Minjoz \u00e0 Besan\u00e7on.<br>Ce ch\u00e8que a permis l&rsquo;achat de mat\u00e9riel de sport (Fitness) pour les patients du service. <br>Le montage a \u00e9t\u00e9 effectu\u00e9 par des membres du Liseron.<\/p>\n\n\n\n<figure class=\"wp-block-image\"><a href=\"http:\/\/www.leliseron.com\/wp-content\/uploads\/2021\/01\/Les-mecaniciens-reduit.jpeg\"><img loading=\"lazy\" decoding=\"async\" width=\"1024\" height=\"665\" src=\"http:\/\/www.leliseron.com\/wp-content\/uploads\/2021\/01\/Les-mecaniciens-reduit-1024x665.jpeg\" alt=\"\" class=\"wp-image-3334\" srcset=\"http:\/\/leliseron.com\/wp-content\/uploads\/2021\/01\/Les-mecaniciens-reduit-1024x665.jpeg 1024w, http:\/\/leliseron.com\/wp-content\/uploads\/2021\/01\/Les-mecaniciens-reduit-300x195.jpeg 300w, http:\/\/leliseron.com\/wp-content\/uploads\/2021\/01\/Les-mecaniciens-reduit-768x498.jpeg 768w, http:\/\/leliseron.com\/wp-content\/uploads\/2021\/01\/Les-mecaniciens-reduit-700x454.jpeg 700w, http:\/\/leliseron.com\/wp-content\/uploads\/2021\/01\/Les-mecaniciens-reduit.jpeg 1325w\" sizes=\"auto, (max-width: 1024px) 100vw, 1024px\" \/><\/a><figcaption>Montage des v\u00e9los \u00e0 l&rsquo;entr\u00e9e du service par nos humbles m\u00e9caniciens !<\/figcaption><\/figure>\n\n\n\n<p>Celui-ci a eu lieu le 12 novembre dernier dans le couloir du service (confinement) <br>et les r\u00e9parations le 25 novembre.<br>Ont \u00e9t\u00e9 mont\u00e9s : 10 v\u00e9los + 2 p\u00e9daliers et 1 stepper.<br>6 v\u00e9los anciens ont \u00e9t\u00e9 r\u00e9par\u00e9s par la m\u00eame occasion !<br><br>Ces v\u00e9los sont install\u00e9s par le personnel soignant, dans les chambres st\u00e9riles <br>(un v\u00e9lo par chambre, qui y reste par mesure d&rsquo;hygi\u00e8ne et de s\u00e9curit\u00e9 m\u00e9dicale des patients greff\u00e9s).<\/p>\n\n\n\n<div class=\"wp-block-image\"><figure class=\"alignleft is-resized\"><a href=\"http:\/\/www.leliseron.com\/wp-content\/uploads\/2021\/01\/Velos-monte\u0301s-1.jpeg\"><img loading=\"lazy\" decoding=\"async\" src=\"http:\/\/www.leliseron.com\/wp-content\/uploads\/2021\/01\/Velos-monte\u0301s-1-207x300.jpeg\" alt=\"\" class=\"wp-image-3333\" width=\"200\" height=\"290\" srcset=\"http:\/\/leliseron.com\/wp-content\/uploads\/2021\/01\/Velos-monte\u0301s-1-207x300.jpeg 207w, http:\/\/leliseron.com\/wp-content\/uploads\/2021\/01\/Velos-monte\u0301s-1-768x1112.jpeg 768w, http:\/\/leliseron.com\/wp-content\/uploads\/2021\/01\/Velos-monte\u0301s-1-707x1024.jpeg 707w, http:\/\/leliseron.com\/wp-content\/uploads\/2021\/01\/Velos-monte\u0301s-1-700x1013.jpeg 700w, http:\/\/leliseron.com\/wp-content\/uploads\/2021\/01\/Velos-monte\u0301s-1.jpeg 829w\" sizes=\"auto, (max-width: 200px) 100vw, 200px\" \/><\/a><\/figure><\/div>\n\n\n\n<div class=\"wp-block-image\"><figure class=\"alignleft is-resized\"><a href=\"http:\/\/www.leliseron.com\/wp-content\/uploads\/2021\/01\/Velos-monte\u0301s-2.jpeg\"><img loading=\"lazy\" decoding=\"async\" src=\"http:\/\/www.leliseron.com\/wp-content\/uploads\/2021\/01\/Velos-monte\u0301s-2-207x300.jpeg\" alt=\"\" class=\"wp-image-3332\" width=\"200\" height=\"290\" srcset=\"http:\/\/leliseron.com\/wp-content\/uploads\/2021\/01\/Velos-monte\u0301s-2-207x300.jpeg 207w, http:\/\/leliseron.com\/wp-content\/uploads\/2021\/01\/Velos-monte\u0301s-2-768x1112.jpeg 768w, http:\/\/leliseron.com\/wp-content\/uploads\/2021\/01\/Velos-monte\u0301s-2-707x1024.jpeg 707w, http:\/\/leliseron.com\/wp-content\/uploads\/2021\/01\/Velos-monte\u0301s-2-700x1013.jpeg 700w, http:\/\/leliseron.com\/wp-content\/uploads\/2021\/01\/Velos-monte\u0301s-2.jpeg 829w\" sizes=\"auto, (max-width: 200px) 100vw, 200px\" \/><\/a><\/figure><\/div>\n\n\n\n<div class=\"wp-block-image\"><figure class=\"alignleft is-resized\"><a href=\"http:\/\/www.leliseron.com\/wp-content\/uploads\/2021\/01\/Montage.jpeg\"><img loading=\"lazy\" decoding=\"async\" src=\"http:\/\/www.leliseron.com\/wp-content\/uploads\/2021\/01\/Montage-205x300.jpeg\" alt=\"\" class=\"wp-image-3331\" width=\"200\" height=\"290\"><\/a><\/figure><\/div>\n\n\n\n<p><div class=\"wp-block-image\"><img loading=\"lazy\" decoding=\"async\" src=\"http:\/\/www.leliseron.com\/wp-content\/uploads\/2013\/11\/filet-transparent.gif\" alt=\"\" class=\"wp-image-986\" width=\"400\" height=\"6\"><\/div><\/p>\n\n\n\n<p style=\"color:#89a823;text-align:center\" class=\"has-text-color\"><strong>Cet achat a \u00e9t\u00e9 financ\u00e9 par le Liseron pour le CHU<\/strong><br><strong>pendant le confinement.<\/strong><\/p>\n\n\n\n<p>Rappelons que le Covid-19 a provoqu\u00e9 indirectement une double peine pour les patients <br>qui, en plus de leur maladie, ont \u00e9t\u00e9 plus isol\u00e9s, ont eu peu de visite\u2026<\/p>\n\n\n\n<p>Sandrine Attal est la personne qui propose de la gym dans les services ; <br>elle pratique l&rsquo;<strong>APA<\/strong> (Activit\u00e9 Physique Adapt\u00e9e).<\/p>\n","protected":false},"excerpt":{"rendered":"<p>D\u00e9but juin dernier, Le Liseron a fait un don de 5000 euros au service service d&rsquo;H\u00e9matologie Adultes de l&rsquo;h\u00f4pital Jean Minjoz \u00e0 Besan\u00e7on.Ce ch\u00e8que a permis l&rsquo;achat de mat\u00e9riel de sport (Fitness) pour les patients du service. Le montage a \u00e9t\u00e9 effectu\u00e9 par des membres du Liseron. Celui-ci a eu &#8230;<\/p>\n","protected":false},"author":1,"featured_media":3334,"comment_status":"closed","ping_status":"open","sticky":false,"template":"","format":"standard","meta":{"footnotes":""},"categories":[17,4],"tags":[],"class_list":["post-3329","post","type-post","status-publish","format-standard","has-post-thumbnail","hentry","category-manifestations-hopital","category-actualites","column","threecol","has-thumbnail"],"_links":{"self":[{"href":"http:\/\/leliseron.com\/index.php?rest_route=\/wp\/v2\/posts\/3329","targetHints":{"allow":["GET"]}}],"collection":[{"href":"http:\/\/leliseron.com\/index.php?rest_route=\/wp\/v2\/posts"}],"about":[{"href":"http:\/\/leliseron.com\/index.php?rest_route=\/wp\/v2\/types\/post"}],"author":[{"embeddable":true,"href":"http:\/\/leliseron.com\/index.php?rest_route=\/wp\/v2\/users\/1"}],"replies":[{"embeddable":true,"href":"http:\/\/leliseron.com\/index.php?rest_route=%2Fwp%2Fv2%2Fcomments&post=3329"}],"version-history":[{"count":52,"href":"http:\/\/leliseron.com\/index.php?rest_route=\/wp\/v2\/posts\/3329\/revisions"}],"predecessor-version":[{"id":3388,"href":"http:\/\/leliseron.com\/index.php?rest_route=\/wp\/v2\/posts\/3329\/revisions\/3388"}],"wp:featuredmedia":[{"embeddable":true,"href":"http:\/\/leliseron.com\/index.php?rest_route=\/wp\/v2\/media\/3334"}],"wp:attachment":[{"href":"http:\/\/leliseron.com\/index.php?rest_route=%2Fwp%2Fv2%2Fmedia&parent=3329"}],"wp:term":[{"taxonomy":"category","embeddable":true,"href":"http:\/\/leliseron.com\/index.php?rest_route=%2Fwp%2Fv2%2Fcategories&post=3329"},{"taxonomy":"post_tag","embeddable":true,"href":"http:\/\/leliseron.com\/index.php?rest_route=%2Fwp%2Fv2%2Ftags&post=3329"}],"curies":[{"name":"wp","href":"https:\/\/api.w.org\/{rel}","templated":true}]}}