{"id":3259,"date":"2020-12-11T14:11:56","date_gmt":"2020-12-11T13:11:56","guid":{"rendered":"http:\/\/www.leliseron.com\/?p=3259"},"modified":"2020-12-12T12:15:05","modified_gmt":"2020-12-12T11:15:05","slug":"armand-chambaz-benevole-au-liseron-nous-a-quitte","status":"publish","type":"post","link":"http:\/\/leliseron.com\/?p=3259","title":{"rendered":"Armand Chambaz, b\u00e9n\u00e9vole au Liseron, nous a quitt\u00e9"},"content":{"rendered":"\n<div class=\"wp-block-image\"><figure class=\"aligncenter is-resized\"><img loading=\"lazy\" decoding=\"async\" src=\"http:\/\/www.leliseron.com\/wp-content\/uploads\/2020\/12\/Armand-rue-Battant.jpg\" alt=\"Armand Chambaz pr\u00e8s du pont Battant - op\u00e9ration Don de moelle osseuse -\" class=\"wp-image-3262\" width=\"302\" height=\"486\" srcset=\"http:\/\/leliseron.com\/wp-content\/uploads\/2020\/12\/Armand-rue-Battant.jpg 403w, http:\/\/leliseron.com\/wp-content\/uploads\/2020\/12\/Armand-rue-Battant-187x300.jpg 187w\" sizes=\"auto, (max-width: 302px) 100vw, 302px\" \/><figcaption>Armand Chambaz pr\u00e8s du pont Battant<\/figcaption><\/figure><\/div>\n\n\n\n<p><\/p>\n\n\n\n<p style=\"text-align:center\"><strong>Armand<\/strong> est entr\u00e9 au Liseron au printemps 2011, <br>administrateur d\u00e8s le premier jour.<\/p>\n\n\n\n<p style=\"text-align:center\">&nbsp;&nbsp;&nbsp;&nbsp;Il nous disait \u00e0 l\u2019\u00e9poque que son \u00e9pouse avait tenu, <br>chaque jour de sa maladie avant d&rsquo;y succomber, un journal <br>qui \u00e9tait devenu pour lui sa raison de vivre. <\/p>\n\n\n\n<p style=\"text-align:center\">Ainsi avait-il invit\u00e9 le Liseron \u00e0 s&rsquo;engager dans le financement <br>du premier livret de l&rsquo;Association Traces de Vie.<\/p>\n\n\n\n<p style=\"text-align:center\"><strong>Armand<\/strong> aimait \u00e0 croiser les chemins et les mots, avec mesure, <br>le vif d&rsquo;un regard et un sourire pour fin de phrase.<\/p>\n\n\n\n<p style=\"text-align:center\">&nbsp;&nbsp;&nbsp;&nbsp;Son travail de fromager \u00e9tait, pour lui, comme un compagnon <br>auquel il rendait r\u00e9guli\u00e8rement hommage.<\/p>\n\n\n\n<p style=\"text-align:center\">&nbsp;&nbsp;&nbsp;&nbsp;D\u00e8s son engagement il a rejoint le groupe Liseron des Hautes Terres,<br>Pontarlier, les Gras, Morteau, Les Fins et Ma\u00eeche, ses territoires de vie.<\/p>\n\n\n\n<p style=\"text-align:center\">&nbsp;&nbsp;&nbsp;&nbsp;Pr\u00e9sent aux manifestations du Liseron et de ses amis, <br>m\u00eame aux frimas, comme pour la Ronde de L&rsquo;Espoir <br>\u00e0 Orchamp-Vennes et l&rsquo;ap\u00e9ritif du 1er janvier \u00e0 Villers-le-Lac.<\/p>\n\n\n\n<p style=\"text-align:center\">&nbsp;&nbsp;&nbsp;&nbsp;Les images de cette pr\u00e9sence on les trouve aussi dans les actions<br>de promotion du don de moelle osseuse port\u00e9es par le Liseron<br>et ses partenaires, comme ici pr\u00e8s du pont Battant<br>et sur l&rsquo;esplanade de la Mairie de Besan\u00e7on.<\/p>\n\n\n\n<p style=\"color:#796d5a;text-align:center\" class=\"has-text-color\"><strong>&nbsp;&nbsp;&nbsp;&nbsp;Gardons au c\u0153ur son message de fraternit\u00e9.<\/strong><\/p>\n\n\n\n<p><\/p>\n\n\n\n<div class=\"wp-block-image\"><figure class=\"aligncenter\"><a href=\"http:\/\/www.leliseron.com\/wp-content\/uploads\/2020\/12\/Armand_Esplanade-de-la-mairie.jpg\"><img loading=\"lazy\" decoding=\"async\" width=\"1024\" height=\"715\" src=\"http:\/\/www.leliseron.com\/wp-content\/uploads\/2020\/12\/Armand_Esplanade-de-la-mairie-1024x715.jpg\" alt=\"Devant le bus de La Sapaudia\" class=\"wp-image-3263\" srcset=\"http:\/\/leliseron.com\/wp-content\/uploads\/2020\/12\/Armand_Esplanade-de-la-mairie-1024x715.jpg 1024w, http:\/\/leliseron.com\/wp-content\/uploads\/2020\/12\/Armand_Esplanade-de-la-mairie-300x209.jpg 300w, http:\/\/leliseron.com\/wp-content\/uploads\/2020\/12\/Armand_Esplanade-de-la-mairie-768x536.jpg 768w, http:\/\/leliseron.com\/wp-content\/uploads\/2020\/12\/Armand_Esplanade-de-la-mairie-700x489.jpg 700w, http:\/\/leliseron.com\/wp-content\/uploads\/2020\/12\/Armand_Esplanade-de-la-mairie.jpg 1331w\" sizes=\"auto, (max-width: 1024px) 100vw, 1024px\" \/><\/a><figcaption>Devant le bus de La Sapaudia<\/figcaption><\/figure><\/div>\n\n\n\n<figure class=\"wp-block-image\"><img loading=\"lazy\" decoding=\"async\" width=\"1024\" height=\"768\" src=\"http:\/\/www.leliseron.com\/wp-content\/uploads\/2020\/12\/Soire\u0301eDansante_Villers-le-Lac_01012017-r-1024x768.jpg\" alt=\"Armand Chambaz  \u00e0 la soire\u0301e dansante \u00e0 Villers-le-Lac - 1er janvier 2017\" class=\"wp-image-3280\" srcset=\"http:\/\/leliseron.com\/wp-content\/uploads\/2020\/12\/Soire\u0301eDansante_Villers-le-Lac_01012017-r-1024x768.jpg 1024w, http:\/\/leliseron.com\/wp-content\/uploads\/2020\/12\/Soire\u0301eDansante_Villers-le-Lac_01012017-r-300x225.jpg 300w, http:\/\/leliseron.com\/wp-content\/uploads\/2020\/12\/Soire\u0301eDansante_Villers-le-Lac_01012017-r-768x576.jpg 768w, http:\/\/leliseron.com\/wp-content\/uploads\/2020\/12\/Soire\u0301eDansante_Villers-le-Lac_01012017-r-700x525.jpg 700w, http:\/\/leliseron.com\/wp-content\/uploads\/2020\/12\/Soire\u0301eDansante_Villers-le-Lac_01012017-r.jpg 1200w\" sizes=\"auto, (max-width: 1024px) 100vw, 1024px\" \/><figcaption>Soire\u0301e dansante \u00e0 Villers-le-Lac &#8211; 1er janvier 2017<\/figcaption><\/figure>\n\n\n\n<div class=\"wp-block-image\"><figure class=\"aligncenter is-resized\"><img loading=\"lazy\" decoding=\"async\" src=\"http:\/\/www.leliseron.com\/wp-content\/uploads\/2013\/11\/Logo_LeLiseron-RVB.jpg\" alt=\"\" class=\"wp-image-1815\" width=\"120\" height=\"113\" srcset=\"http:\/\/leliseron.com\/wp-content\/uploads\/2013\/11\/Logo_LeLiseron-RVB.jpg 915w, http:\/\/leliseron.com\/wp-content\/uploads\/2013\/11\/Logo_LeLiseron-RVB-300x283.jpg 300w, http:\/\/leliseron.com\/wp-content\/uploads\/2013\/11\/Logo_LeLiseron-RVB-700x659.jpg 700w\" sizes=\"auto, (max-width: 120px) 100vw, 120px\" \/><\/figure><\/div>\n","protected":false},"excerpt":{"rendered":"<p>Armand est entr\u00e9 au Liseron au printemps 2011, administrateur d\u00e8s le premier jour. &nbsp;&nbsp;&nbsp;&nbsp;Il nous disait \u00e0 l\u2019\u00e9poque que son \u00e9pouse avait tenu, chaque jour de sa maladie avant d&rsquo;y succomber, un journal qui \u00e9tait devenu pour lui sa raison de vivre. Ainsi avait-il invit\u00e9 le Liseron \u00e0 s&rsquo;engager dans &#8230;<\/p>\n","protected":false},"author":1,"featured_media":3264,"comment_status":"closed","ping_status":"open","sticky":false,"template":"","format":"standard","meta":{"footnotes":""},"categories":[57,4],"tags":[],"class_list":["post-3259","post","type-post","status-publish","format-standard","has-post-thumbnail","hentry","category-a-la-une","category-actualites","column","threecol","has-thumbnail"],"_links":{"self":[{"href":"http:\/\/leliseron.com\/index.php?rest_route=\/wp\/v2\/posts\/3259","targetHints":{"allow":["GET"]}}],"collection":[{"href":"http:\/\/leliseron.com\/index.php?rest_route=\/wp\/v2\/posts"}],"about":[{"href":"http:\/\/leliseron.com\/index.php?rest_route=\/wp\/v2\/types\/post"}],"author":[{"embeddable":true,"href":"http:\/\/leliseron.com\/index.php?rest_route=\/wp\/v2\/users\/1"}],"replies":[{"embeddable":true,"href":"http:\/\/leliseron.com\/index.php?rest_route=%2Fwp%2Fv2%2Fcomments&post=3259"}],"version-history":[{"count":20,"href":"http:\/\/leliseron.com\/index.php?rest_route=\/wp\/v2\/posts\/3259\/revisions"}],"predecessor-version":[{"id":3289,"href":"http:\/\/leliseron.com\/index.php?rest_route=\/wp\/v2\/posts\/3259\/revisions\/3289"}],"wp:featuredmedia":[{"embeddable":true,"href":"http:\/\/leliseron.com\/index.php?rest_route=\/wp\/v2\/media\/3264"}],"wp:attachment":[{"href":"http:\/\/leliseron.com\/index.php?rest_route=%2Fwp%2Fv2%2Fmedia&parent=3259"}],"wp:term":[{"taxonomy":"category","embeddable":true,"href":"http:\/\/leliseron.com\/index.php?rest_route=%2Fwp%2Fv2%2Fcategories&post=3259"},{"taxonomy":"post_tag","embeddable":true,"href":"http:\/\/leliseron.com\/index.php?rest_route=%2Fwp%2Fv2%2Ftags&post=3259"}],"curies":[{"name":"wp","href":"https:\/\/api.w.org\/{rel}","templated":true}]}}