{"id":3239,"date":"2020-11-20T14:57:32","date_gmt":"2020-11-20T13:57:32","guid":{"rendered":"http:\/\/www.leliseron.com\/?p=3239"},"modified":"2020-11-20T15:01:45","modified_gmt":"2020-11-20T14:01:45","slug":"operation-etincelles-2021","status":"publish","type":"post","link":"http:\/\/leliseron.com\/?p=3239","title":{"rendered":"Op\u00e9ration \u00c9tincelles 2021"},"content":{"rendered":"\n<div class=\"wp-block-image\"><figure class=\"aligncenter is-resized\"><img loading=\"lazy\" decoding=\"async\" src=\"http:\/\/www.leliseron.com\/wp-content\/uploads\/2020\/11\/Picto_les-etincelles.jpg\" alt=\"\" class=\"wp-image-3245\" width=\"426\" height=\"166\" srcset=\"http:\/\/leliseron.com\/wp-content\/uploads\/2020\/11\/Picto_les-etincelles.jpg 426w, http:\/\/leliseron.com\/wp-content\/uploads\/2020\/11\/Picto_les-etincelles-300x117.jpg 300w\" sizes=\"auto, (max-width: 426px) 100vw, 426px\" \/><\/figure><\/div>\n\n\n\n<p style=\"color:#6c14b8\" class=\"has-text-color\"><strong>MESSAGE PROVENANT DE LA TROUPE \u00c9TINCELLES<\/strong><\/p>\n\n\n\n<p>Bonjour \u00e0 tous,\u00a0<br>nous\u00a0esp\u00e9rons\u00a0que vous allez bien malgr\u00e9 le contexte particulier dans lequel nous vivons tous.<\/p>\n\n\n\n<p>Vous vous en doutez, la saison \u00c9tincelles 2021 s&rsquo;annonce perturb\u00e9e. Nous suivons de pr\u00e8s l&rsquo;\u00e9volution de la situation, mais nous ne sommes pas certains du tout de pouvoir monter sur sc\u00e8ne. Cela para\u00eet m\u00eame assez compromis.<\/p>\n\n\n\n<p>Nous avons donc d\u00e9cid\u00e9 de lancer un \u00ab\u00a0projet parall\u00e8le\u00a0\u00bb, en plus des r\u00e9p\u00e9titions que nous reprendrons prochainement. Nous nous transformons en \u00ab\u00a0r\u00e9alisateurs\u00a0\u00bb amateurs et nous publierons r\u00e9guli\u00e8rement des cr\u00e9ations vid\u00e9o in\u00e9dites sur nos diff\u00e9rents r\u00e9seaux : site web, Facebook, Instagram, cha\u00eene Youtube, contacts mails&#8230;<\/p>\n\n\n\n<p>A chaque publication, vous aurez la possibilit\u00e9, si vous le souhaitez, de participer \u00e0 votre mani\u00e8re : une cagnotte a \u00e9t\u00e9 cr\u00e9\u00e9e sur HelloAsso.<br> Elle nous permettra de r\u00e9colter vos dons, un peu comme la \u00ab\u00a0participation au chapeau\u00a0\u00bb lors des spectacles.\u00a0Les fonds r\u00e9colt\u00e9s seront revers\u00e9s au\u00a0<a rel=\"noreferrer noopener\" href=\"http:\/\/www.leliseron.com\/\" target=\"_blank\">Liseron<\/a>, \u00e0\u00a0<a rel=\"noreferrer noopener\" href=\"https:\/\/www.facebook.com\/Association-R%C3%A9agir-1552415641719496\/\" target=\"_blank\">R\u00e9a\u2026gir<\/a>, et \u00e0\u00a0<a rel=\"noreferrer noopener\" href=\"https:\/\/ptitsboutsdeficelle.fr\/\" target=\"_blank\">P\u2019tits Bouts de Ficelle<\/a>, associations avec lesquelles les \u00c9tincelles travaillent en toute confiance depuis plusieurs ann\u00e9es d\u00e9j\u00e0.<\/p>\n\n\n\n<p>Voici le lien vers la premi\u00e8re vid\u00e9o du projet :\u00a0<a rel=\"noreferrer noopener\" href=\"https:\/\/youtu.be\/6opmGcMjYTk\" target=\"_blank\">Etincelles &#8211; confin\u00e9s<\/a>.<\/p>\n\n\n\n<div class=\"wp-block-image\"><figure class=\"aligncenter is-resized\"><a href=\"https:\/\/youtu.be\/6opmGcMjYTk\" target=\"_blank\" rel=\"noreferrer noopener\"><img loading=\"lazy\" decoding=\"async\" src=\"http:\/\/www.leliseron.com\/wp-content\/uploads\/2020\/11\/E\u0301tincelles-confine\u0301es.jpg\" alt=\"\" class=\"wp-image-3243\" width=\"675\" height=\"379\" srcset=\"http:\/\/leliseron.com\/wp-content\/uploads\/2020\/11\/E\u0301tincelles-confine\u0301es.jpg 900w, http:\/\/leliseron.com\/wp-content\/uploads\/2020\/11\/E\u0301tincelles-confine\u0301es-300x168.jpg 300w, http:\/\/leliseron.com\/wp-content\/uploads\/2020\/11\/E\u0301tincelles-confine\u0301es-768x431.jpg 768w, http:\/\/leliseron.com\/wp-content\/uploads\/2020\/11\/E\u0301tincelles-confine\u0301es-700x393.jpg 700w\" sizes=\"auto, (max-width: 675px) 100vw, 675px\" \/><\/a><\/figure><\/div>\n\n\n\n<p>Elle est \u00e9galement disponible sur\u00a0<a rel=\"noreferrer noopener\" href=\"https:\/\/www.facebook.com\/lesetincelles\" target=\"_blank\">Facebook<\/a>,\u00a0<a rel=\"noreferrer noopener\" href=\"https:\/\/www.instagram.com\/troupeetincelles\/\" target=\"_blank\">Instagram<\/a>\u00a0et le\u00a0<a rel=\"noreferrer noopener\" href=\"https:\/\/www.lesetincelles.fr\/\" target=\"_blank\">Site Internet<\/a>\u00a0de la Troupe.<\/p>\n\n\n\n<p>N&rsquo;h\u00e9sitez pas \u00e0 vous abonner pour ne pas rater les prochaines !<\/p>\n\n\n\n<p style=\"text-align:center\">Voici aussi le lien vers la plaquette pr\u00e9sentant ce nouveau projet :\u00a0<br><a rel=\"noreferrer noopener\" href=\"https:\/\/www.lesetincelles.fr\/plaquette2021.pdf\" target=\"_blank\">\u00ab\u00a0En 2021, on s&rsquo;adapte\u00a0!\u00a0\u00bb<\/a><br><em>N&rsquo;h\u00e9sitez pas \u00e0 cliquer sur les\u00a0ic\u00f4nes, elles\u00a0vous guideront vers la cagnotte ainsi que vers nos diff\u00e9rents r\u00e9seaux.<\/em><\/p>\n\n\n\n<p>Enfin, voici le lien direct pour la cagnotte :\u00a0<a rel=\"noreferrer noopener\" href=\"https:\/\/www.helloasso.com\/associations\/troupe-etincelles\/formulaires\/1\/\" target=\"_blank\">cagnotte HelloAsso<\/a>.<\/p>\n\n\n\n<p class=\"has-small-font-size\"><em>(Petite information importante concernant HelloAsso : le site vous invite \u00e0 verser, en plus de votre don, une petite participation au fonctionnement du site. Il nous semble juste de le faire une fois, parce que contrairement \u00e0 d&rsquo;autres sites HelloAsso ne prend aucune commission sur les dons. Mais vous n&rsquo;y \u00eates aucunement oblig\u00e9s, vous pouvez d\u00e9cider de ne pas contribuer au fonctionnement de la plateforme.)<\/em><\/p>\n","protected":false},"excerpt":{"rendered":"<p>MESSAGE PROVENANT DE LA TROUPE \u00c9TINCELLES Bonjour \u00e0 tous,\u00a0nous\u00a0esp\u00e9rons\u00a0que vous allez bien malgr\u00e9 le contexte particulier dans lequel nous vivons tous. Vous vous en doutez, la saison \u00c9tincelles 2021 s&rsquo;annonce perturb\u00e9e. Nous suivons de pr\u00e8s l&rsquo;\u00e9volution de la situation, mais nous ne sommes pas certains du tout de pouvoir monter &#8230;<\/p>\n","protected":false},"author":1,"featured_media":3243,"comment_status":"closed","ping_status":"open","sticky":false,"template":"","format":"standard","meta":{"footnotes":""},"categories":[4],"tags":[],"class_list":["post-3239","post","type-post","status-publish","format-standard","has-post-thumbnail","hentry","category-actualites","column","threecol","has-thumbnail"],"_links":{"self":[{"href":"http:\/\/leliseron.com\/index.php?rest_route=\/wp\/v2\/posts\/3239","targetHints":{"allow":["GET"]}}],"collection":[{"href":"http:\/\/leliseron.com\/index.php?rest_route=\/wp\/v2\/posts"}],"about":[{"href":"http:\/\/leliseron.com\/index.php?rest_route=\/wp\/v2\/types\/post"}],"author":[{"embeddable":true,"href":"http:\/\/leliseron.com\/index.php?rest_route=\/wp\/v2\/users\/1"}],"replies":[{"embeddable":true,"href":"http:\/\/leliseron.com\/index.php?rest_route=%2Fwp%2Fv2%2Fcomments&post=3239"}],"version-history":[{"count":12,"href":"http:\/\/leliseron.com\/index.php?rest_route=\/wp\/v2\/posts\/3239\/revisions"}],"predecessor-version":[{"id":3256,"href":"http:\/\/leliseron.com\/index.php?rest_route=\/wp\/v2\/posts\/3239\/revisions\/3256"}],"wp:featuredmedia":[{"embeddable":true,"href":"http:\/\/leliseron.com\/index.php?rest_route=\/wp\/v2\/media\/3243"}],"wp:attachment":[{"href":"http:\/\/leliseron.com\/index.php?rest_route=%2Fwp%2Fv2%2Fmedia&parent=3239"}],"wp:term":[{"taxonomy":"category","embeddable":true,"href":"http:\/\/leliseron.com\/index.php?rest_route=%2Fwp%2Fv2%2Fcategories&post=3239"},{"taxonomy":"post_tag","embeddable":true,"href":"http:\/\/leliseron.com\/index.php?rest_route=%2Fwp%2Fv2%2Ftags&post=3239"}],"curies":[{"name":"wp","href":"https:\/\/api.w.org\/{rel}","templated":true}]}}