{"id":3126,"date":"2020-09-19T11:22:46","date_gmt":"2020-09-19T10:22:46","guid":{"rendered":"http:\/\/www.leliseron.com\/?p=3126"},"modified":"2020-09-22T18:07:01","modified_gmt":"2020-09-22T17:07:01","slug":"ag-de-lassociation-le-liseron-le-28-mars-2020","status":"publish","type":"post","link":"http:\/\/leliseron.com\/?p=3126","title":{"rendered":"AG de l&rsquo;association Le\u00a0Liseron, le 26 septembre 2020"},"content":{"rendered":"\n<figure class=\"wp-block-image\"><img loading=\"lazy\" decoding=\"async\" width=\"560\" height=\"391\" src=\"http:\/\/www.leliseron.com\/wp-content\/uploads\/2020\/02\/aquarelle1.jpg\" alt=\"\" class=\"wp-image-3129\" srcset=\"http:\/\/leliseron.com\/wp-content\/uploads\/2020\/02\/aquarelle1.jpg 560w, http:\/\/leliseron.com\/wp-content\/uploads\/2020\/02\/aquarelle1-300x209.jpg 300w\" sizes=\"auto, (max-width: 560px) 100vw, 560px\" \/><\/figure>\n\n\n\n<p style=\"text-align:center\">Le Liseron tiendra <br>son Assembl\u00e9e G\u00e9n\u00e9rale, <br><strong>le 26 septembre 2020 <\/strong><br>\u00e0 la Maison des Familles <br>H\u00f4pital Jean Minjoz <br>\u00e0 partir de <strong>14h30<\/strong>. <br><br>Entr\u00e9e libre<\/p>\n\n\n\n<p><\/p>\n","protected":false},"excerpt":{"rendered":"<p>Le Liseron tiendra son Assembl\u00e9e G\u00e9n\u00e9rale, le 26 septembre 2020 \u00e0 la Maison des Familles H\u00f4pital Jean Minjoz \u00e0 partir de 14h30. Entr\u00e9e libre<\/p>\n","protected":false},"author":1,"featured_media":3129,"comment_status":"closed","ping_status":"open","sticky":false,"template":"","format":"standard","meta":{"footnotes":""},"categories":[57,4],"tags":[],"class_list":["post-3126","post","type-post","status-publish","format-standard","has-post-thumbnail","hentry","category-a-la-une","category-actualites","column","threecol","has-thumbnail"],"_links":{"self":[{"href":"http:\/\/leliseron.com\/index.php?rest_route=\/wp\/v2\/posts\/3126","targetHints":{"allow":["GET"]}}],"collection":[{"href":"http:\/\/leliseron.com\/index.php?rest_route=\/wp\/v2\/posts"}],"about":[{"href":"http:\/\/leliseron.com\/index.php?rest_route=\/wp\/v2\/types\/post"}],"author":[{"embeddable":true,"href":"http:\/\/leliseron.com\/index.php?rest_route=\/wp\/v2\/users\/1"}],"replies":[{"embeddable":true,"href":"http:\/\/leliseron.com\/index.php?rest_route=%2Fwp%2Fv2%2Fcomments&post=3126"}],"version-history":[{"count":5,"href":"http:\/\/leliseron.com\/index.php?rest_route=\/wp\/v2\/posts\/3126\/revisions"}],"predecessor-version":[{"id":3206,"href":"http:\/\/leliseron.com\/index.php?rest_route=\/wp\/v2\/posts\/3126\/revisions\/3206"}],"wp:featuredmedia":[{"embeddable":true,"href":"http:\/\/leliseron.com\/index.php?rest_route=\/wp\/v2\/media\/3129"}],"wp:attachment":[{"href":"http:\/\/leliseron.com\/index.php?rest_route=%2Fwp%2Fv2%2Fmedia&parent=3126"}],"wp:term":[{"taxonomy":"category","embeddable":true,"href":"http:\/\/leliseron.com\/index.php?rest_route=%2Fwp%2Fv2%2Fcategories&post=3126"},{"taxonomy":"post_tag","embeddable":true,"href":"http:\/\/leliseron.com\/index.php?rest_route=%2Fwp%2Fv2%2Ftags&post=3126"}],"curies":[{"name":"wp","href":"https:\/\/api.w.org\/{rel}","templated":true}]}}