{"id":3082,"date":"2019-10-08T21:36:18","date_gmt":"2019-10-08T20:36:18","guid":{"rendered":"http:\/\/www.leliseron.com\/?p=3082"},"modified":"2019-10-08T21:45:25","modified_gmt":"2019-10-08T20:45:25","slug":"prochainement-spectacle-faim-de-vie-a-gray","status":"publish","type":"post","link":"http:\/\/leliseron.com\/?p=3082","title":{"rendered":"Prochainement, spectacle \u00ab\u00a0Faim de vie\u00a0\u00bb \u00e0 Gray"},"content":{"rendered":"\n<p style=\"text-align:center\"><strong>FAIM DE VIE&nbsp;: <\/strong><br><strong>UN SPECTACLE \u2013 UN CONCERT \u2013 UNE SOIR\u00c9E DE SOLIDARIT\u00c9<\/strong><\/p>\n\n\n\n<div class=\"wp-block-image\"><figure class=\"aligncenter\"><img loading=\"lazy\" decoding=\"async\" width=\"558\" height=\"409\" src=\"http:\/\/www.leliseron.com\/wp-content\/uploads\/2019\/10\/Visuel-FaimdeVie-Oct2019-1.jpg\" alt=\"\" class=\"wp-image-3085\" srcset=\"http:\/\/leliseron.com\/wp-content\/uploads\/2019\/10\/Visuel-FaimdeVie-Oct2019-1.jpg 558w, http:\/\/leliseron.com\/wp-content\/uploads\/2019\/10\/Visuel-FaimdeVie-Oct2019-1-300x220.jpg 300w\" sizes=\"auto, (max-width: 558px) 100vw, 558px\" \/><\/figure><\/div>\n\n\n\n<h3 class=\"wp-block-heading\" style=\"text-align:center\"><strong>le 19 OCTOBRE 2019<br> 20 h 30 &#8211; Th\u00e9\u00e2tre de Gray<\/strong><\/h3>\n\n\n\n<p>De pr\u00e8s, de\nloin, soi-m\u00eame, un proche, un enfant, un conjoint, une amie, nous avons \u00e9t\u00e9,\nnous sommes concern\u00e9s par la maladie, la gu\u00e9rison, la r\u00e9mission et quelque fois\nla mort de l\u2019\u00eatre aim\u00e9.<\/p>\n\n\n\n<p>\u00c7a a\ncommenc\u00e9 comme \u00e7a. L\u2019une d\u2019entre nous, touch\u00e9e au plus pr\u00e8s, a dit je veux\nfaire quelque chose pour en parler, pour lui parler, pour partager avec le plus\ngrand nombre possible, pour remercier, pour r\u00e9parer, pour d\u00e9passer, pour\nc\u00e9l\u00e9brer la vie, le retour \u00e0 la vie.<\/p>\n\n\n\n<p>Et s\u2019est\nconstitu\u00e9e la troupe de \u00ab&nbsp;Faim de vie&nbsp;\u00bb&nbsp;: musiciennes et\ncompositeurs, com\u00e9dienne et metteur en sc\u00e8ne, danseuses et chor\u00e9graphe,\npeintres et techniciens. Et chacun d\u2019apporter une ou plusieurs musiques, un ou\nplusieurs po\u00e8mes ou t\u00e9moignages, une ou plusieurs sc\u00e8nes, un ou plusieurs\ntableaux. Choix du c\u0153ur et choix de r\u00e9flexion entrem\u00eal\u00e9s. Avec pour fil\nconducteur de raconter ce chemin qui va de l\u2019ombre \u00e0 la lumi\u00e8re, ce chemin de\ndouleur et de joie qu\u2019Orph\u00e9e accomplit pour retrouver Eurydice, son ador\u00e9e.<\/p>\n\n\n\n<p>L\u2019\u00e9motion,\nl\u2019\u00e9motion transmise par le geste de l\u2019artiste, va au-del\u00e0 du d\u00e9bat m\u00e9dical et\nscientifique, au-del\u00e0 du t\u00e9moignage, au-del\u00e0 de la duret\u00e9 du r\u00e9el. C\u2019est\nquelque part dans ces zones profondes que se r\u00e9fugie et se reconstitue notre\n\u00eatre, c\u2019est l\u00e0 que r\u00e9side notre commune humanit\u00e9.C\u2019est l\u00e0 que nous voulons\nentra\u00eener par la main chaque spectatrice, chaque spectateur.<\/p>\n\n\n\n<p>Faire don de\nla recette de la soir\u00e9e \u00e0 des organismes de recherche scientifique et\nd\u2019entraide c\u2019est simplement prendre notre part en tant qu\u2019artistes \u00e0 cette\nlutte contre la maladie et ses cons\u00e9quences, c\u2019est prendre notre part \u00e0 cet\nimmense effort de solidarit\u00e9 et de compassion, c\u2019est clamer notre rage de\nvivre&nbsp;: FAIM DE VIE, <strong>F.A.I.M&nbsp;!<\/strong><\/p>\n\n\n\n<p>Yves Borrini&nbsp;&nbsp;&nbsp;&nbsp;&nbsp;&nbsp;&nbsp;&nbsp;&nbsp;&nbsp;&nbsp;&nbsp;&nbsp;&nbsp;&nbsp;&nbsp;&nbsp;&nbsp;&nbsp;&nbsp;&nbsp;&nbsp;&nbsp;&nbsp;&nbsp;&nbsp;&nbsp;&nbsp;&nbsp;&nbsp;&nbsp;&nbsp;&nbsp;&nbsp;&nbsp;&nbsp;&nbsp;&nbsp;&nbsp;&nbsp;&nbsp;&nbsp;&nbsp;&nbsp;&nbsp;&nbsp;&nbsp;&nbsp;&nbsp;&nbsp;&nbsp;&nbsp;&nbsp;&nbsp;&nbsp;&nbsp;&nbsp;&nbsp;&nbsp;&nbsp;&nbsp;&nbsp;&nbsp;&nbsp;&nbsp;&nbsp;&nbsp;&nbsp;&nbsp;&nbsp;&nbsp;&nbsp;&nbsp;&nbsp;&nbsp;&nbsp;&nbsp;&nbsp;&nbsp;&nbsp;&nbsp;  &nbsp;&nbsp;&nbsp;&nbsp;&nbsp;&nbsp;<br><em>auteur &#8211; metteur en sc\u00e8ne<\/em><\/p>\n\n\n\n<pre class=\"wp-block-preformatted\">>> T\u00c9L\u00c9CHARGER LE FLYER : <strong><a rel=\"noreferrer noopener\" aria-label=\"ICI (s\u2019ouvre dans un nouvel onglet)\" href=\"http:\/\/www.leliseron.com\/wp-content\/uploads\/2019\/10\/Dev-Art-Faim-de-vie-A-5-AFFICHE-Juillet-2019.pdf\" target=\"_blank\">ICI<\/a><\/strong>.<\/pre>\n","protected":false},"excerpt":{"rendered":"<p>FAIM DE VIE&nbsp;: UN SPECTACLE \u2013 UN CONCERT \u2013 UNE SOIR\u00c9E DE SOLIDARIT\u00c9 le 19 OCTOBRE 2019 20 h 30 &#8211; Th\u00e9\u00e2tre de Gray De pr\u00e8s, de loin, soi-m\u00eame, un proche, un enfant, un conjoint, une amie, nous avons \u00e9t\u00e9, nous sommes concern\u00e9s par la maladie, la gu\u00e9rison, la r\u00e9mission &#8230;<\/p>\n","protected":false},"author":1,"featured_media":3085,"comment_status":"closed","ping_status":"open","sticky":false,"template":"","format":"standard","meta":{"footnotes":""},"categories":[57,14,15,4],"tags":[],"class_list":["post-3082","post","type-post","status-publish","format-standard","has-post-thumbnail","hentry","category-a-la-une","category-actions-particulieres","category-manifestation-exterieure","category-actualites","column","threecol","has-thumbnail"],"_links":{"self":[{"href":"http:\/\/leliseron.com\/index.php?rest_route=\/wp\/v2\/posts\/3082","targetHints":{"allow":["GET"]}}],"collection":[{"href":"http:\/\/leliseron.com\/index.php?rest_route=\/wp\/v2\/posts"}],"about":[{"href":"http:\/\/leliseron.com\/index.php?rest_route=\/wp\/v2\/types\/post"}],"author":[{"embeddable":true,"href":"http:\/\/leliseron.com\/index.php?rest_route=\/wp\/v2\/users\/1"}],"replies":[{"embeddable":true,"href":"http:\/\/leliseron.com\/index.php?rest_route=%2Fwp%2Fv2%2Fcomments&post=3082"}],"version-history":[{"count":5,"href":"http:\/\/leliseron.com\/index.php?rest_route=\/wp\/v2\/posts\/3082\/revisions"}],"predecessor-version":[{"id":3091,"href":"http:\/\/leliseron.com\/index.php?rest_route=\/wp\/v2\/posts\/3082\/revisions\/3091"}],"wp:featuredmedia":[{"embeddable":true,"href":"http:\/\/leliseron.com\/index.php?rest_route=\/wp\/v2\/media\/3085"}],"wp:attachment":[{"href":"http:\/\/leliseron.com\/index.php?rest_route=%2Fwp%2Fv2%2Fmedia&parent=3082"}],"wp:term":[{"taxonomy":"category","embeddable":true,"href":"http:\/\/leliseron.com\/index.php?rest_route=%2Fwp%2Fv2%2Fcategories&post=3082"},{"taxonomy":"post_tag","embeddable":true,"href":"http:\/\/leliseron.com\/index.php?rest_route=%2Fwp%2Fv2%2Ftags&post=3082"}],"curies":[{"name":"wp","href":"https:\/\/api.w.org\/{rel}","templated":true}]}}