{"id":2998,"date":"2019-04-22T21:37:57","date_gmt":"2019-04-22T20:37:57","guid":{"rendered":"http:\/\/www.leliseron.com\/?p=2998"},"modified":"2019-04-22T21:41:15","modified_gmt":"2019-04-22T20:41:15","slug":"demandez-le-programme","status":"publish","type":"post","link":"http:\/\/leliseron.com\/?p=2998","title":{"rendered":"Demandez le programme !"},"content":{"rendered":"\n<p>Programme complet du Festival du Rire le 27 avril prochain \u00e0 Valdahon.<br> Aussi, l&rsquo;affiche du film \u00ab\u00a0Docteur Patch\u00a0\u00bb (tir\u00e9 d&rsquo;une histoire vraie), qui sera diffus\u00e9 en avant-premi\u00e8re du festival.<\/p>\n\n\n\n<p>Le programme : <strong><a href=\"http:\/\/www.leliseron.com\/wp-content\/uploads\/2019\/04\/PROGRAMME-FESTIVAL-DU-RIRE-2019.pdf\" target=\"_blank\" rel=\"noreferrer noopener\" aria-label=\"ici (s\u2019ouvre dans un nouvel onglet)\">ici<\/a><\/strong> !<br><\/p>\n\n\n\n<figure class=\"wp-block-image\"><img loading=\"lazy\" decoding=\"async\" width=\"1024\" height=\"724\" src=\"http:\/\/www.leliseron.com\/wp-content\/uploads\/2019\/04\/Affiche-cine\u0301-pax-Docteur-Patch-1024x724.jpeg\" alt=\"\" class=\"wp-image-2999\" srcset=\"http:\/\/leliseron.com\/wp-content\/uploads\/2019\/04\/Affiche-cine\u0301-pax-Docteur-Patch-1024x724.jpeg 1024w, http:\/\/leliseron.com\/wp-content\/uploads\/2019\/04\/Affiche-cine\u0301-pax-Docteur-Patch-300x212.jpeg 300w, http:\/\/leliseron.com\/wp-content\/uploads\/2019\/04\/Affiche-cine\u0301-pax-Docteur-Patch-768x543.jpeg 768w, http:\/\/leliseron.com\/wp-content\/uploads\/2019\/04\/Affiche-cine\u0301-pax-Docteur-Patch-700x495.jpeg 700w, http:\/\/leliseron.com\/wp-content\/uploads\/2019\/04\/Affiche-cine\u0301-pax-Docteur-Patch.jpeg 1123w\" sizes=\"auto, (max-width: 1024px) 100vw, 1024px\" \/><\/figure>\n","protected":false},"excerpt":{"rendered":"<p>Programme complet du Festival du Rire le 27 avril prochain \u00e0 Valdahon. Aussi, l&rsquo;affiche du film \u00ab\u00a0Docteur Patch\u00a0\u00bb (tir\u00e9 d&rsquo;une histoire vraie), qui sera diffus\u00e9 en avant-premi\u00e8re du festival. Le programme : ici !<\/p>\n","protected":false},"author":1,"featured_media":2968,"comment_status":"closed","ping_status":"open","sticky":false,"template":"","format":"standard","meta":{"footnotes":""},"categories":[4],"tags":[],"class_list":["post-2998","post","type-post","status-publish","format-standard","has-post-thumbnail","hentry","category-actualites","column","threecol","has-thumbnail"],"_links":{"self":[{"href":"http:\/\/leliseron.com\/index.php?rest_route=\/wp\/v2\/posts\/2998","targetHints":{"allow":["GET"]}}],"collection":[{"href":"http:\/\/leliseron.com\/index.php?rest_route=\/wp\/v2\/posts"}],"about":[{"href":"http:\/\/leliseron.com\/index.php?rest_route=\/wp\/v2\/types\/post"}],"author":[{"embeddable":true,"href":"http:\/\/leliseron.com\/index.php?rest_route=\/wp\/v2\/users\/1"}],"replies":[{"embeddable":true,"href":"http:\/\/leliseron.com\/index.php?rest_route=%2Fwp%2Fv2%2Fcomments&post=2998"}],"version-history":[{"count":2,"href":"http:\/\/leliseron.com\/index.php?rest_route=\/wp\/v2\/posts\/2998\/revisions"}],"predecessor-version":[{"id":3002,"href":"http:\/\/leliseron.com\/index.php?rest_route=\/wp\/v2\/posts\/2998\/revisions\/3002"}],"wp:featuredmedia":[{"embeddable":true,"href":"http:\/\/leliseron.com\/index.php?rest_route=\/wp\/v2\/media\/2968"}],"wp:attachment":[{"href":"http:\/\/leliseron.com\/index.php?rest_route=%2Fwp%2Fv2%2Fmedia&parent=2998"}],"wp:term":[{"taxonomy":"category","embeddable":true,"href":"http:\/\/leliseron.com\/index.php?rest_route=%2Fwp%2Fv2%2Fcategories&post=2998"},{"taxonomy":"post_tag","embeddable":true,"href":"http:\/\/leliseron.com\/index.php?rest_route=%2Fwp%2Fv2%2Ftags&post=2998"}],"curies":[{"name":"wp","href":"https:\/\/api.w.org\/{rel}","templated":true}]}}