{"id":2980,"date":"2019-04-09T17:19:47","date_gmt":"2019-04-09T16:19:47","guid":{"rendered":"http:\/\/www.leliseron.com\/?p=2980"},"modified":"2019-04-09T17:20:38","modified_gmt":"2019-04-09T16:20:38","slug":"les-etincelles-le-13-avril-a-port-sur-saone","status":"publish","type":"post","link":"http:\/\/leliseron.com\/?p=2980","title":{"rendered":"Les \u00c9tincelles, le  13 avril \u00e0 Port-sur-Sa\u00f4ne"},"content":{"rendered":"\n<p>Petit rappel : les \u00c9tincelles se produiront le samedi 13 avril \u00e0 Port sur Sa\u00f4ne, dans la belle salle Sa\u00f4nexpo\u2026 toujours au profit des enfants hospitalis\u00e9s et de leurs familles, via nos diverses associations partenaires. <br>Tous les b\u00e9n\u00e9fices leur sont revers\u00e9s. <br>En 18 saisons de spectacles, ce sont plus de 470 000 \u20ac que nous avons pu offrir, et nous esp\u00e9rons bien, cette ann\u00e9e, passer la barre des<strong> 500 000 \u20ac !<\/strong><\/p>\n\n\n\n<p>Alors on compte sur vous! La salle Sa\u00f4nexpo est une grande salle\u2026! <br>Nous avons besoin du soutien de tous, de votre soutien, pour faire passer l&rsquo;info et remplir les 800 places ! Car chaque spectateur suppl\u00e9mentaire, <br>c&rsquo;est une \u00e9tincelle de plus dans les yeux des enfants malades\u2026<\/p>\n\n\n\n<p> quelques extraits du spectacle :<strong><a rel=\"noreferrer noopener\" aria-label=\" (s\u2019ouvre dans un nouvel onglet)\" href=\"https:\/\/www.youtube.com\/watch?v=oM7Wwsbyfsk\" target=\"_blank\"> ici <\/a><\/strong>! <br> Vous pouvez \u00e9galement aller sur le site www.lesetincelles.fr <br>ou su notre page Facebook : <br>https:\/\/www.facebook.com\/lesetincelles\/<\/p>\n\n\n\n<pre class=\"wp-block-preformatted\">Vous pouvez r\u00e9server au 03 81 60 20 58 ou par mail \u00e0 cette adresse : lesetincelles@free.fr<\/pre>\n\n\n\n<figure class=\"wp-block-image\"><img loading=\"lazy\" decoding=\"async\" width=\"893\" height=\"444\" src=\"http:\/\/www.leliseron.com\/wp-content\/uploads\/2019\/01\/Visuel-REVEIL-2019.jpg\" alt=\"\" class=\"wp-image-2947\" srcset=\"http:\/\/leliseron.com\/wp-content\/uploads\/2019\/01\/Visuel-REVEIL-2019.jpg 893w, http:\/\/leliseron.com\/wp-content\/uploads\/2019\/01\/Visuel-REVEIL-2019-300x149.jpg 300w, http:\/\/leliseron.com\/wp-content\/uploads\/2019\/01\/Visuel-REVEIL-2019-768x382.jpg 768w, http:\/\/leliseron.com\/wp-content\/uploads\/2019\/01\/Visuel-REVEIL-2019-700x348.jpg 700w\" sizes=\"auto, (max-width: 893px) 100vw, 893px\" \/><\/figure>\n","protected":false},"excerpt":{"rendered":"<p>Petit rappel : les \u00c9tincelles se produiront le samedi 13 avril \u00e0 Port sur Sa\u00f4ne, dans la belle salle Sa\u00f4nexpo\u2026 toujours au profit des enfants hospitalis\u00e9s et de leurs familles, via nos diverses associations partenaires. Tous les b\u00e9n\u00e9fices leur sont revers\u00e9s. En 18 saisons de spectacles, ce sont plus de &#8230;<\/p>\n","protected":false},"author":1,"featured_media":2947,"comment_status":"closed","ping_status":"open","sticky":false,"template":"","format":"standard","meta":{"footnotes":""},"categories":[4],"tags":[],"class_list":["post-2980","post","type-post","status-publish","format-standard","has-post-thumbnail","hentry","category-actualites","column","threecol","has-thumbnail"],"_links":{"self":[{"href":"http:\/\/leliseron.com\/index.php?rest_route=\/wp\/v2\/posts\/2980","targetHints":{"allow":["GET"]}}],"collection":[{"href":"http:\/\/leliseron.com\/index.php?rest_route=\/wp\/v2\/posts"}],"about":[{"href":"http:\/\/leliseron.com\/index.php?rest_route=\/wp\/v2\/types\/post"}],"author":[{"embeddable":true,"href":"http:\/\/leliseron.com\/index.php?rest_route=\/wp\/v2\/users\/1"}],"replies":[{"embeddable":true,"href":"http:\/\/leliseron.com\/index.php?rest_route=%2Fwp%2Fv2%2Fcomments&post=2980"}],"version-history":[{"count":3,"href":"http:\/\/leliseron.com\/index.php?rest_route=\/wp\/v2\/posts\/2980\/revisions"}],"predecessor-version":[{"id":2983,"href":"http:\/\/leliseron.com\/index.php?rest_route=\/wp\/v2\/posts\/2980\/revisions\/2983"}],"wp:featuredmedia":[{"embeddable":true,"href":"http:\/\/leliseron.com\/index.php?rest_route=\/wp\/v2\/media\/2947"}],"wp:attachment":[{"href":"http:\/\/leliseron.com\/index.php?rest_route=%2Fwp%2Fv2%2Fmedia&parent=2980"}],"wp:term":[{"taxonomy":"category","embeddable":true,"href":"http:\/\/leliseron.com\/index.php?rest_route=%2Fwp%2Fv2%2Fcategories&post=2980"},{"taxonomy":"post_tag","embeddable":true,"href":"http:\/\/leliseron.com\/index.php?rest_route=%2Fwp%2Fv2%2Ftags&post=2980"}],"curies":[{"name":"wp","href":"https:\/\/api.w.org\/{rel}","templated":true}]}}