{"id":2856,"date":"2018-10-31T11:59:39","date_gmt":"2018-10-31T10:59:39","guid":{"rendered":"http:\/\/www.leliseron.com\/?p=2856"},"modified":"2018-10-31T12:08:00","modified_gmt":"2018-10-31T11:08:00","slug":"challenge-don-du-sang","status":"publish","type":"post","link":"http:\/\/leliseron.com\/?p=2856","title":{"rendered":"Challenge DON\u00a0DU\u00a0SANG, du\u00a029\u00a0oct. au\u00a010\u00a0nov."},"content":{"rendered":"<p style=\"text-align: center;\"><a href=\"http:\/\/www.leliseron.com\/wp-content\/uploads\/2018\/10\/Challenge-DonDuSang.jpg\"><img loading=\"lazy\" decoding=\"async\" class=\"aligncenter size-full wp-image-2858\" src=\"http:\/\/www.leliseron.com\/wp-content\/uploads\/2018\/10\/Challenge-DonDuSang.jpg\" alt=\"\" width=\"673\" height=\"475\" srcset=\"http:\/\/leliseron.com\/wp-content\/uploads\/2018\/10\/Challenge-DonDuSang.jpg 673w, http:\/\/leliseron.com\/wp-content\/uploads\/2018\/10\/Challenge-DonDuSang-300x212.jpg 300w\" sizes=\"auto, (max-width: 673px) 100vw, 673px\" \/><\/a>Je m&rsquo;adresse \u00e0 vous au nom de l&rsquo;association Du Vent Dans Les Ailes (dont je suis secr\u00e9taire).<\/p>\n<p>Cette association cherche \u00e0 promouvoir le bien \u00eatre des enfants et adolescents accueillis dans les diff\u00e9rentes unit\u00e9s de p\u00e9dopsychiatrie du CHU de Besan\u00e7on en proposant, notamment, des projets sportifs et culturels en dehors des murs de l&rsquo;h\u00f4pital.Un autre objectif consiste \u00e0 expliquer ce que sont les troubles psychiques au grand public.<br \/>\nNous cherchons bien s\u00fbr \u00e0 r\u00e9colter des fonds pour financer ces projets, mais \u00e9galement \u00e0 nous faire conna\u00eetre, d&rsquo;o\u00f9 le d\u00e9fi propos\u00e9 ci-dessous : devenir la plus grosse \u00e9quipe de donneurs de sang du Doubs entre <strong>le 29 octobre et le 10 novembre<\/strong>.<\/p>\n<p>Donc si vous avez l&rsquo;habitude de donner votre sang, votre plasma ou vos plaquettes, ou si vous h\u00e9sitiez jusqu&rsquo;\u00e0 maintenant, foncez, c&rsquo;est le moment. Pour cela, vous devez prendre rendez-vous en allant sur le site de l&rsquo;EFS du Doubs en cliquant <a href=\"https:\/\/mon-rdv-dondesang.efs.sante.fr\/collecte\/site_mobile?q=1&amp;c=3005&amp;l=3017&amp;panel=panel_0&amp;type=sang\" target=\"_blank\" rel=\"noopener\"><strong>ici<\/strong> <\/a>!<\/p>\n<p style=\"text-align: center;\">Surtout, n&rsquo;h\u00e9sitez pas \u00e0 relayer l&rsquo;information \u00e0 vos familles,<br \/>\nconnaissances, amis, coll\u00e8gues\u2026<\/p>\n<p style=\"text-align: center;\">Car plus nous serons nombreux \u00e0 participer \u00e0 ce challenge,<br \/>\nplus nous ferons d&rsquo;heureux !<\/p>\n<p>&nbsp;<\/p>\n<p>Je vous invite \u00e9galement \u00e0 nous faire savoir si vous avez particip\u00e9 au d\u00e9fi<br \/>\nsur la page Facebook de l&rsquo;association en cliquant <a href=\"https:\/\/www.facebook.com\/Association-Du-Vent-Dans-Les-Ailes-151804728845188\/\" target=\"_blank\" rel=\"noopener\"><strong>ici.<\/strong><\/a><\/p>\n<p style=\"text-align: right;\">D&rsquo;avance un grand merci \u00e0 tout le monde<br \/>\nAur\u00e9lie Vergon Dartois.<\/p>\n<p><img loading=\"lazy\" decoding=\"async\" class=\"wp-image-2862 size-full aligncenter\" src=\"http:\/\/www.leliseron.com\/wp-content\/uploads\/2018\/10\/Logo-DuVentDansLesAlies.png\" alt=\"\" width=\"144\" height=\"101\" \/><\/p>\n","protected":false},"excerpt":{"rendered":"<p>Je m&rsquo;adresse \u00e0 vous au nom de l&rsquo;association Du Vent Dans Les Ailes (dont je suis secr\u00e9taire). Cette association cherche \u00e0 promouvoir le bien \u00eatre des enfants et adolescents accueillis dans les diff\u00e9rentes unit\u00e9s de p\u00e9dopsychiatrie du CHU de Besan\u00e7on en proposant, notamment, des projets sportifs et culturels en dehors &#8230;<\/p>\n","protected":false},"author":1,"featured_media":2859,"comment_status":"closed","ping_status":"open","sticky":false,"template":"","format":"standard","meta":{"footnotes":""},"categories":[4],"tags":[],"class_list":["post-2856","post","type-post","status-publish","format-standard","has-post-thumbnail","hentry","category-actualites","column","threecol","has-thumbnail"],"_links":{"self":[{"href":"http:\/\/leliseron.com\/index.php?rest_route=\/wp\/v2\/posts\/2856","targetHints":{"allow":["GET"]}}],"collection":[{"href":"http:\/\/leliseron.com\/index.php?rest_route=\/wp\/v2\/posts"}],"about":[{"href":"http:\/\/leliseron.com\/index.php?rest_route=\/wp\/v2\/types\/post"}],"author":[{"embeddable":true,"href":"http:\/\/leliseron.com\/index.php?rest_route=\/wp\/v2\/users\/1"}],"replies":[{"embeddable":true,"href":"http:\/\/leliseron.com\/index.php?rest_route=%2Fwp%2Fv2%2Fcomments&post=2856"}],"version-history":[{"count":10,"href":"http:\/\/leliseron.com\/index.php?rest_route=\/wp\/v2\/posts\/2856\/revisions"}],"predecessor-version":[{"id":2869,"href":"http:\/\/leliseron.com\/index.php?rest_route=\/wp\/v2\/posts\/2856\/revisions\/2869"}],"wp:featuredmedia":[{"embeddable":true,"href":"http:\/\/leliseron.com\/index.php?rest_route=\/wp\/v2\/media\/2859"}],"wp:attachment":[{"href":"http:\/\/leliseron.com\/index.php?rest_route=%2Fwp%2Fv2%2Fmedia&parent=2856"}],"wp:term":[{"taxonomy":"category","embeddable":true,"href":"http:\/\/leliseron.com\/index.php?rest_route=%2Fwp%2Fv2%2Fcategories&post=2856"},{"taxonomy":"post_tag","embeddable":true,"href":"http:\/\/leliseron.com\/index.php?rest_route=%2Fwp%2Fv2%2Ftags&post=2856"}],"curies":[{"name":"wp","href":"https:\/\/api.w.org\/{rel}","templated":true}]}}