{"id":2809,"date":"2018-06-12T14:02:08","date_gmt":"2018-06-12T13:02:08","guid":{"rendered":"http:\/\/www.leliseron.com\/?p=2809"},"modified":"2018-06-12T14:07:04","modified_gmt":"2018-06-12T13:07:04","slug":"chaucenne-randonnee-pedestre-champetre","status":"publish","type":"post","link":"http:\/\/leliseron.com\/?p=2809","title":{"rendered":"Chaucenne : randonn\u00e9e p\u00e9destre champ\u00eatre"},"content":{"rendered":"<p><a href=\"http:\/\/www.leliseron.com\/wp-content\/uploads\/2018\/06\/Campagne-Chaucenne.jpg\"><img loading=\"lazy\" decoding=\"async\" class=\"size-full wp-image-2811 aligncenter\" src=\"http:\/\/www.leliseron.com\/wp-content\/uploads\/2018\/06\/Campagne-Chaucenne.jpg\" alt=\"\" width=\"1236\" height=\"852\" srcset=\"http:\/\/leliseron.com\/wp-content\/uploads\/2018\/06\/Campagne-Chaucenne.jpg 1236w, http:\/\/leliseron.com\/wp-content\/uploads\/2018\/06\/Campagne-Chaucenne-300x207.jpg 300w, http:\/\/leliseron.com\/wp-content\/uploads\/2018\/06\/Campagne-Chaucenne-768x529.jpg 768w, http:\/\/leliseron.com\/wp-content\/uploads\/2018\/06\/Campagne-Chaucenne-1024x706.jpg 1024w, http:\/\/leliseron.com\/wp-content\/uploads\/2018\/06\/Campagne-Chaucenne-700x483.jpg 700w\" sizes=\"auto, (max-width: 1236px) 100vw, 1236px\" \/><\/a>Le Comit\u00e9 des f\u00eates de Chaucenne organise une randonn\u00e9e p\u00e9destre champ\u00eatre<br \/>\nau profit du Liseron le 1er juillet 2018.<\/p>\n<p><strong>Matin\u00e9e :<\/strong> marche de 4, 8 ou 12 km dans les territoires campagnard des environs de Chaucenne (d\u00e9part \u00e0 partir de 8h30 jusqu&rsquo;\u00e0 9h30 au Centre de Vie).<br \/>\nEntr\u00e9e dans le village \u00e0 l&rsquo;abri-bus en venant de Besan\u00e7on.<\/p>\n<p><strong>Midi :<\/strong> barbecue (saucisses, merguez) frites, g\u00e2teaux, cr\u00eapes et boissons.<\/p>\n<p><strong>Apr\u00e8s-midi :<\/strong> ballade d\u00e9couverte du cycle de l&rsquo;eau \u00e0 Chaucenne (source, captage, ch\u00e2teau d&rsquo;eau, fontaines &#8230;).<\/p>\n<p style=\"text-align: center;\"><a href=\"http:\/\/www.leliseron.com\/wp-content\/uploads\/2018\/06\/captage-Chaucenne.jpg\"><img loading=\"lazy\" decoding=\"async\" class=\"aligncenter wp-image-2816 size-medium\" src=\"http:\/\/www.leliseron.com\/wp-content\/uploads\/2018\/06\/captage-Chaucenne-300x225.jpg\" alt=\"\" width=\"300\" height=\"225\" srcset=\"http:\/\/leliseron.com\/wp-content\/uploads\/2018\/06\/captage-Chaucenne-300x225.jpg 300w, http:\/\/leliseron.com\/wp-content\/uploads\/2018\/06\/captage-Chaucenne.jpg 474w\" sizes=\"auto, (max-width: 300px) 100vw, 300px\" \/><\/a><\/p>\n<p>Une buvette sera mise \u00e0 disposition des participants.<\/p>\n<p><em>Droit d&rsquo;inscription : enfants \u00e0 partir de 12 ans et adultes : 4\u20ac<br \/>\n(inclus l&rsquo;ap\u00e9ritif et le ravitaillement) gratuit pour les enfants jusqu&rsquo;\u00e0 11 ans.<\/em><\/p>\n<p>Tous les b\u00e9n\u00e9fices de la journ\u00e9e seront int\u00e9gralement vers\u00e9s \u00e0 l&rsquo;association <strong>le Liseron<\/strong> qui se bat chaque jour aux c\u00f4t\u00e9s des enfants, des jeunes et des adultes soign\u00e9s pour un cancer \u00e0 l&rsquo;h\u00f4pital Jean-Minjoz, \u00e0 Besan\u00e7on.<\/p>\n<p style=\"text-align: center;\"><span style=\"color: #008000;\"><strong>Apportez votre soutien au Liseron en participant cette journ\u00e9e festive du 1er juillet.<\/strong><\/span><\/p>\n<pre>Date limites d'inscription : 24 juin 2018\r\nEn pr\u00e9cisant le nombre de participants (enfants adultes) \u00e0 la marche et la restauration\r\nLa r\u00e9servation peut se faire par t\u00e9l\u00e9phone au :\r\n03 81 55 43 03, ou 06 63 44 89 28 ou encore au 07 82 52 95 18<\/pre>\n<p style=\"text-align: center;\"><em>email : comitedesfetes.chaucenne@wanadoo.fr<\/em><\/p>\n<p style=\"text-align: center;\"><em>Paiement sur place le jour m\u00eame par tout moyen \u00e0 votre convenance.<\/em><\/p>\n<p style=\"text-align: center;\"><img loading=\"lazy\" decoding=\"async\" class=\"aligncenter wp-image-1868 size-full\" src=\"http:\/\/www.leliseron.com\/wp-content\/uploads\/2015\/06\/carre-vert.jpg\" alt=\"\" width=\"16\" height=\"15\" \/><\/p>\n","protected":false},"excerpt":{"rendered":"<p>Le Comit\u00e9 des f\u00eates de Chaucenne organise une randonn\u00e9e p\u00e9destre champ\u00eatre au profit du Liseron le 1er juillet 2018. Matin\u00e9e : marche de 4, 8 ou 12 km dans les territoires campagnard des environs de Chaucenne (d\u00e9part \u00e0 partir de 8h30 jusqu&rsquo;\u00e0 9h30 au Centre de Vie). Entr\u00e9e dans le &#8230;<\/p>\n","protected":false},"author":1,"featured_media":2811,"comment_status":"closed","ping_status":"open","sticky":false,"template":"","format":"standard","meta":{"footnotes":""},"categories":[15,4],"tags":[],"class_list":["post-2809","post","type-post","status-publish","format-standard","has-post-thumbnail","hentry","category-manifestation-exterieure","category-actualites","column","threecol","has-thumbnail"],"_links":{"self":[{"href":"http:\/\/leliseron.com\/index.php?rest_route=\/wp\/v2\/posts\/2809","targetHints":{"allow":["GET"]}}],"collection":[{"href":"http:\/\/leliseron.com\/index.php?rest_route=\/wp\/v2\/posts"}],"about":[{"href":"http:\/\/leliseron.com\/index.php?rest_route=\/wp\/v2\/types\/post"}],"author":[{"embeddable":true,"href":"http:\/\/leliseron.com\/index.php?rest_route=\/wp\/v2\/users\/1"}],"replies":[{"embeddable":true,"href":"http:\/\/leliseron.com\/index.php?rest_route=%2Fwp%2Fv2%2Fcomments&post=2809"}],"version-history":[{"count":6,"href":"http:\/\/leliseron.com\/index.php?rest_route=\/wp\/v2\/posts\/2809\/revisions"}],"predecessor-version":[{"id":2817,"href":"http:\/\/leliseron.com\/index.php?rest_route=\/wp\/v2\/posts\/2809\/revisions\/2817"}],"wp:featuredmedia":[{"embeddable":true,"href":"http:\/\/leliseron.com\/index.php?rest_route=\/wp\/v2\/media\/2811"}],"wp:attachment":[{"href":"http:\/\/leliseron.com\/index.php?rest_route=%2Fwp%2Fv2%2Fmedia&parent=2809"}],"wp:term":[{"taxonomy":"category","embeddable":true,"href":"http:\/\/leliseron.com\/index.php?rest_route=%2Fwp%2Fv2%2Fcategories&post=2809"},{"taxonomy":"post_tag","embeddable":true,"href":"http:\/\/leliseron.com\/index.php?rest_route=%2Fwp%2Fv2%2Ftags&post=2809"}],"curies":[{"name":"wp","href":"https:\/\/api.w.org\/{rel}","templated":true}]}}