{"id":2786,"date":"2018-04-05T11:39:17","date_gmt":"2018-04-05T10:39:17","guid":{"rendered":"http:\/\/www.leliseron.com\/?p=2786"},"modified":"2018-04-05T11:47:02","modified_gmt":"2018-04-05T10:47:02","slug":"dernieres-repesentations-du-spectacle-reveil","status":"publish","type":"post","link":"http:\/\/leliseron.com\/?p=2786","title":{"rendered":"Derni\u00e8res repr\u00e9sentations du spectacle R\u00eav&rsquo;eil"},"content":{"rendered":"<p>Elles auront lieu le vendredi 20 et le samedi 21 avril, \u00e0 20h30, au Grand Kursaal de Besan\u00e7on.<br \/>\n<a href=\"http:\/\/www.leliseron.com\/wp-content\/uploads\/2018\/01\/Visuel-Troupe-Etincelles-REVEIL.jpg\"><img loading=\"lazy\" decoding=\"async\" class=\"aligncenter wp-image-2682\" src=\"http:\/\/www.leliseron.com\/wp-content\/uploads\/2018\/01\/Visuel-Troupe-Etincelles-REVEIL-300x186.jpg\" alt=\"\" width=\"550\" height=\"341\" srcset=\"http:\/\/leliseron.com\/wp-content\/uploads\/2018\/01\/Visuel-Troupe-Etincelles-REVEIL-300x186.jpg 300w, http:\/\/leliseron.com\/wp-content\/uploads\/2018\/01\/Visuel-Troupe-Etincelles-REVEIL-768x477.jpg 768w, http:\/\/leliseron.com\/wp-content\/uploads\/2018\/01\/Visuel-Troupe-Etincelles-REVEIL-332x205.jpg 332w, http:\/\/leliseron.com\/wp-content\/uploads\/2018\/01\/Visuel-Troupe-Etincelles-REVEIL-700x434.jpg 700w, http:\/\/leliseron.com\/wp-content\/uploads\/2018\/01\/Visuel-Troupe-Etincelles-REVEIL.jpg 949w\" sizes=\"auto, (max-width: 550px) 100vw, 550px\" \/><\/a>Pr\u00e8s de 4500 personnes ont d\u00e9j\u00e0 vu le spectacle depuis la premi\u00e8re date en janvier&#8230;!<\/p>\n<p>Au programme : des personnages historiques tels que Cl\u00e9op\u00e2tre, Christophe Colomb, Moli\u00e8re\u2026 and Co\u2026 qui d\u00e9cident de mettre leur grain de sel dans notre monde&#8230;!<br \/>\nTout cela, \u00e9videmment, en chansons, en danses, en musique&#8230;!<\/p>\n<h2 style=\"text-align: center;\"><strong>REV&rsquo;EIL !<\/strong><\/h2>\n<h4 style=\"text-align: center;\">Repr\u00e9sentation \u00e0 Besan\u00e7on<br \/>\nGrand Kursaal<br \/>\nVendredi 20 avril (20h30) et Samedi 21 f\u00e9vrier (20h30)<\/h4>\n<p style=\"text-align: center;\">(<strong>entr\u00e9e libre<\/strong>)<\/p>\n<pre>R\u00e9servation possible : \r\nwww.lesetincelles.fr\r\nau 03 81 60 20 58\r\npar email : lesetincelles@free.fr<\/pre>\n<p><em>Dons recueillis au profit des enfants malades, <\/em><em>pour adoucir leur quotidien \u00e0 l&rsquo;h\u00f4pital.<\/em><br \/>\n&gt;&gt; <a href=\"http:\/\/www.leliseron.com\/wp-content\/uploads\/2018\/04\/Etincelles_Kursaal-avril2018.pdf\" target=\"_blank\" rel=\"noopener\">T\u00e9l\u00e9charger le flyer du spectacle<\/a>.<\/p>\n<p><a href=\"http:\/\/www.lesetincelles.fr\" target=\"_blank\" rel=\"noopener\">&gt;&gt; Voir le site de la troupe \u00c9tincelles<\/a>.<\/p>\n","protected":false},"excerpt":{"rendered":"<p>Elles auront lieu le vendredi 20 et le samedi 21 avril, \u00e0 20h30, au Grand Kursaal de Besan\u00e7on. Pr\u00e8s de 4500 personnes ont d\u00e9j\u00e0 vu le spectacle depuis la premi\u00e8re date en janvier&#8230;! Au programme : des personnages historiques tels que Cl\u00e9op\u00e2tre, Christophe Colomb, Moli\u00e8re\u2026 and Co\u2026 qui d\u00e9cident de &#8230;<\/p>\n","protected":false},"author":1,"featured_media":2682,"comment_status":"closed","ping_status":"open","sticky":false,"template":"","format":"standard","meta":{"footnotes":""},"categories":[57,15,4],"tags":[],"class_list":["post-2786","post","type-post","status-publish","format-standard","has-post-thumbnail","hentry","category-a-la-une","category-manifestation-exterieure","category-actualites","column","threecol","has-thumbnail"],"_links":{"self":[{"href":"http:\/\/leliseron.com\/index.php?rest_route=\/wp\/v2\/posts\/2786","targetHints":{"allow":["GET"]}}],"collection":[{"href":"http:\/\/leliseron.com\/index.php?rest_route=\/wp\/v2\/posts"}],"about":[{"href":"http:\/\/leliseron.com\/index.php?rest_route=\/wp\/v2\/types\/post"}],"author":[{"embeddable":true,"href":"http:\/\/leliseron.com\/index.php?rest_route=\/wp\/v2\/users\/1"}],"replies":[{"embeddable":true,"href":"http:\/\/leliseron.com\/index.php?rest_route=%2Fwp%2Fv2%2Fcomments&post=2786"}],"version-history":[{"count":4,"href":"http:\/\/leliseron.com\/index.php?rest_route=\/wp\/v2\/posts\/2786\/revisions"}],"predecessor-version":[{"id":2791,"href":"http:\/\/leliseron.com\/index.php?rest_route=\/wp\/v2\/posts\/2786\/revisions\/2791"}],"wp:featuredmedia":[{"embeddable":true,"href":"http:\/\/leliseron.com\/index.php?rest_route=\/wp\/v2\/media\/2682"}],"wp:attachment":[{"href":"http:\/\/leliseron.com\/index.php?rest_route=%2Fwp%2Fv2%2Fmedia&parent=2786"}],"wp:term":[{"taxonomy":"category","embeddable":true,"href":"http:\/\/leliseron.com\/index.php?rest_route=%2Fwp%2Fv2%2Fcategories&post=2786"},{"taxonomy":"post_tag","embeddable":true,"href":"http:\/\/leliseron.com\/index.php?rest_route=%2Fwp%2Fv2%2Ftags&post=2786"}],"curies":[{"name":"wp","href":"https:\/\/api.w.org\/{rel}","templated":true}]}}