{"id":2767,"date":"2018-02-19T13:28:14","date_gmt":"2018-02-19T12:28:14","guid":{"rendered":"http:\/\/www.leliseron.com\/?p=2767"},"modified":"2018-02-19T13:31:59","modified_gmt":"2018-02-19T12:31:59","slug":"assemblee-generale-ordinaire-2017","status":"publish","type":"post","link":"http:\/\/leliseron.com\/?p=2767","title":{"rendered":"Assembl\u00e9e G\u00e9n\u00e9rale Ordinaire 2017"},"content":{"rendered":"<h3 style=\"text-align: center;\"><span style=\"color: #008080;\"><strong>L&rsquo;assembl\u00e9e G\u00e9n\u00e9rale Ordinaire 2O17<\/strong><\/span><br \/>\n<span style=\"color: #008080;\"><strong> de l&rsquo;association Le Liseron aura lieu<\/strong><\/span><br \/>\n<span style=\"color: #993366;\"><strong> le 10 mars 2018 \u00e0 14h30<\/strong><\/span><br \/>\n<span style=\"color: #993366;\"> <strong> \u00e0 la maison des Familles<\/strong><\/span><br \/>\n<span style=\"color: #008080;\"><strong> &#8211; site Minjoz &#8211;<\/strong><\/span><\/h3>\n<p>&nbsp;<\/p>\n<pre>Un fl\u00e9chage Le Liseron sera dispos\u00e9 au rond point du grand parking \r\nde l'h\u00f4pital Jean Minjoz \u00e0 Besan\u00e7on jusqu'\u00e0 la maison des familles.\r\n\r\n&gt;&gt; pour plus d'information : \r\nt\u00e9l.: 03 81 81 04 19 ou 09 62 38 78 70.\r\ncourriel : asso.leliseron@wanadoo.fr<\/pre>\n<p>&nbsp;<\/p>\n","protected":false},"excerpt":{"rendered":"<p>L&rsquo;assembl\u00e9e G\u00e9n\u00e9rale Ordinaire 2O17 de l&rsquo;association Le Liseron aura lieu le 10 mars 2018 \u00e0 14h30 \u00e0 la maison des Familles &#8211; site Minjoz &#8211; &nbsp; Un fl\u00e9chage Le Liseron sera dispos\u00e9 au rond point du grand parking de l&rsquo;h\u00f4pital Jean Minjoz \u00e0 Besan\u00e7on jusqu&rsquo;\u00e0 la maison des familles. &gt;&gt; &#8230;<\/p>\n","protected":false},"author":1,"featured_media":0,"comment_status":"closed","ping_status":"open","sticky":false,"template":"","format":"standard","meta":{"footnotes":""},"categories":[17,4],"tags":[],"class_list":["post-2767","post","type-post","status-publish","format-standard","hentry","category-manifestations-hopital","category-actualites","column","threecol"],"_links":{"self":[{"href":"http:\/\/leliseron.com\/index.php?rest_route=\/wp\/v2\/posts\/2767","targetHints":{"allow":["GET"]}}],"collection":[{"href":"http:\/\/leliseron.com\/index.php?rest_route=\/wp\/v2\/posts"}],"about":[{"href":"http:\/\/leliseron.com\/index.php?rest_route=\/wp\/v2\/types\/post"}],"author":[{"embeddable":true,"href":"http:\/\/leliseron.com\/index.php?rest_route=\/wp\/v2\/users\/1"}],"replies":[{"embeddable":true,"href":"http:\/\/leliseron.com\/index.php?rest_route=%2Fwp%2Fv2%2Fcomments&post=2767"}],"version-history":[{"count":11,"href":"http:\/\/leliseron.com\/index.php?rest_route=\/wp\/v2\/posts\/2767\/revisions"}],"predecessor-version":[{"id":2778,"href":"http:\/\/leliseron.com\/index.php?rest_route=\/wp\/v2\/posts\/2767\/revisions\/2778"}],"wp:attachment":[{"href":"http:\/\/leliseron.com\/index.php?rest_route=%2Fwp%2Fv2%2Fmedia&parent=2767"}],"wp:term":[{"taxonomy":"category","embeddable":true,"href":"http:\/\/leliseron.com\/index.php?rest_route=%2Fwp%2Fv2%2Fcategories&post=2767"},{"taxonomy":"post_tag","embeddable":true,"href":"http:\/\/leliseron.com\/index.php?rest_route=%2Fwp%2Fv2%2Ftags&post=2767"}],"curies":[{"name":"wp","href":"https:\/\/api.w.org\/{rel}","templated":true}]}}