{"id":2759,"date":"2018-02-06T09:20:02","date_gmt":"2018-02-06T08:20:02","guid":{"rendered":"http:\/\/www.leliseron.com\/?p=2759"},"modified":"2018-02-06T09:30:53","modified_gmt":"2018-02-06T08:30:53","slug":"nouvelles-dates-du-spectacle-musical-reveil","status":"publish","type":"post","link":"http:\/\/leliseron.com\/?p=2759","title":{"rendered":"Nouvelles dates pour le spectacle musical \u00ab\u00a0R\u00eav&rsquo;eil\u00a0\u00bb"},"content":{"rendered":"<p style=\"text-align: center;\"><a href=\"http:\/\/www.leliseron.com\/wp-content\/uploads\/2018\/01\/Visuel-Troupe-Etincelles-REVEIL.jpg\"><img loading=\"lazy\" decoding=\"async\" class=\"aligncenter wp-image-2682\" src=\"http:\/\/www.leliseron.com\/wp-content\/uploads\/2018\/01\/Visuel-Troupe-Etincelles-REVEIL-300x186.jpg\" alt=\"\" width=\"550\" height=\"341\" srcset=\"http:\/\/leliseron.com\/wp-content\/uploads\/2018\/01\/Visuel-Troupe-Etincelles-REVEIL-300x186.jpg 300w, http:\/\/leliseron.com\/wp-content\/uploads\/2018\/01\/Visuel-Troupe-Etincelles-REVEIL-768x477.jpg 768w, http:\/\/leliseron.com\/wp-content\/uploads\/2018\/01\/Visuel-Troupe-Etincelles-REVEIL-332x205.jpg 332w, http:\/\/leliseron.com\/wp-content\/uploads\/2018\/01\/Visuel-Troupe-Etincelles-REVEIL-700x434.jpg 700w, http:\/\/leliseron.com\/wp-content\/uploads\/2018\/01\/Visuel-Troupe-Etincelles-REVEIL.jpg 949w\" sizes=\"auto, (max-width: 550px) 100vw, 550px\" \/><\/a>La troupe \u00c9tincelles revient en 2018 avec un nouveau spectacle musical :<\/p>\n<h2 style=\"text-align: center;\"><strong>REV&rsquo;EIL !<\/strong><\/h2>\n<h4>Repr\u00e9sentation \u00e0 Besan\u00e7on<br \/>\nGrand Kursaal<br \/>\nSamedi 24 f\u00e9vrier (20h30) et dimanche 25 f\u00e9vrier (15h)<\/h4>\n<h4>Repr\u00e9sentation \u00e0 Belfort<br \/>\nMaison du peuple<br \/>\nSamedi 10 mars (20h30)<\/h4>\n<p>(<strong>entr\u00e9e libre<\/strong>)<\/p>\n<pre>R\u00e9servation possible : \r\nwww.lesetincelles.fr\r\nau 03 81 60 20 58\r\npar email : lesetincelles@free.fr<\/pre>\n<p><em>Dons recueillis au profit des enfants malades, <\/em><em>pour adoucir leur quotidien \u00e0 l&rsquo;h\u00f4pital.<\/em><\/p>\n<p>&gt;&gt; <a href=\"http:\/\/www.leliseron.com\/wp-content\/uploads\/2018\/02\/Flyer-Belfort.pdf\" target=\"_blank\" rel=\"noopener\">T\u00e9l\u00e9charger le flyer du spectacle (Belfort).<\/a><br \/>\n&gt;&gt; <a href=\"http:\/\/www.leliseron.com\/wp-content\/uploads\/2018\/02\/Flyer-Besanc\u0327on.pdf\" target=\"_blank\" rel=\"noopener\">T\u00e9l\u00e9charger le flyer du spectacle (Besan\u00e7on)<\/a>.<\/p>\n<p><a href=\"http:\/\/www.lesetincelles.fr\" target=\"_blank\" rel=\"noopener\">&gt;&gt; Voir le site de la troupe \u00c9tincelles<\/a>.<\/p>\n","protected":false},"excerpt":{"rendered":"<p>La troupe \u00c9tincelles revient en 2018 avec un nouveau spectacle musical : REV&rsquo;EIL ! Repr\u00e9sentation \u00e0 Besan\u00e7on Grand Kursaal Samedi 24 f\u00e9vrier (20h30) et dimanche 25 f\u00e9vrier (15h) Repr\u00e9sentation \u00e0 Belfort Maison du peuple Samedi 10 mars (20h30) (entr\u00e9e libre) R\u00e9servation possible : www.lesetincelles.fr au 03 81 60 20 58 &#8230;<\/p>\n","protected":false},"author":1,"featured_media":2682,"comment_status":"closed","ping_status":"open","sticky":false,"template":"","format":"standard","meta":{"footnotes":""},"categories":[4],"tags":[],"class_list":["post-2759","post","type-post","status-publish","format-standard","has-post-thumbnail","hentry","category-actualites","column","threecol","has-thumbnail"],"_links":{"self":[{"href":"http:\/\/leliseron.com\/index.php?rest_route=\/wp\/v2\/posts\/2759","targetHints":{"allow":["GET"]}}],"collection":[{"href":"http:\/\/leliseron.com\/index.php?rest_route=\/wp\/v2\/posts"}],"about":[{"href":"http:\/\/leliseron.com\/index.php?rest_route=\/wp\/v2\/types\/post"}],"author":[{"embeddable":true,"href":"http:\/\/leliseron.com\/index.php?rest_route=\/wp\/v2\/users\/1"}],"replies":[{"embeddable":true,"href":"http:\/\/leliseron.com\/index.php?rest_route=%2Fwp%2Fv2%2Fcomments&post=2759"}],"version-history":[{"count":2,"href":"http:\/\/leliseron.com\/index.php?rest_route=\/wp\/v2\/posts\/2759\/revisions"}],"predecessor-version":[{"id":2763,"href":"http:\/\/leliseron.com\/index.php?rest_route=\/wp\/v2\/posts\/2759\/revisions\/2763"}],"wp:featuredmedia":[{"embeddable":true,"href":"http:\/\/leliseron.com\/index.php?rest_route=\/wp\/v2\/media\/2682"}],"wp:attachment":[{"href":"http:\/\/leliseron.com\/index.php?rest_route=%2Fwp%2Fv2%2Fmedia&parent=2759"}],"wp:term":[{"taxonomy":"category","embeddable":true,"href":"http:\/\/leliseron.com\/index.php?rest_route=%2Fwp%2Fv2%2Fcategories&post=2759"},{"taxonomy":"post_tag","embeddable":true,"href":"http:\/\/leliseron.com\/index.php?rest_route=%2Fwp%2Fv2%2Ftags&post=2759"}],"curies":[{"name":"wp","href":"https:\/\/api.w.org\/{rel}","templated":true}]}}