{"id":2642,"date":"2017-11-19T22:21:44","date_gmt":"2017-11-19T21:21:44","guid":{"rendered":"http:\/\/www.leliseron.com\/?p=2642"},"modified":"2017-11-19T22:23:47","modified_gmt":"2017-11-19T21:23:47","slug":"15e-aperitif-dansant-du-liseron-dimanche-1-janvier","status":"publish","type":"post","link":"http:\/\/leliseron.com\/?p=2642","title":{"rendered":"15e ap\u00e9ritif dansant du Liseron, dimanche 1 janvier"},"content":{"rendered":"<h2 style=\"text-align: center;\"><span style=\"color: #003366;\"><strong>Dimanche 1 janvier 2018 <\/strong><strong>de 19h00 \u00e0 minuit <\/strong><\/span><br \/>\n<span style=\"color: #003366;\"><strong>avec Daniel Girard, <\/strong><strong>et ses amis musiciens<\/strong><\/span><br \/>\n<span style=\"color: #333399;\"><span style=\"color: #003366;\"><strong>\u00e0 l&rsquo;occasion du <\/strong><\/span><strong><span style=\"color: #003366;\">15e ap\u00e9ritif dansant <\/span><br \/>\n<span style=\"color: #003366;\">du Liseron<\/span> <\/strong><\/span><\/h2>\n<p><img loading=\"lazy\" decoding=\"async\" class=\"aligncenter size-full wp-image-2643\" src=\"http:\/\/www.leliseron.com\/wp-content\/uploads\/2017\/11\/DanielGirard-1erJanvier-VillersleLac.jpg\" alt=\"\" width=\"446\" height=\"643\" srcset=\"http:\/\/leliseron.com\/wp-content\/uploads\/2017\/11\/DanielGirard-1erJanvier-VillersleLac.jpg 446w, http:\/\/leliseron.com\/wp-content\/uploads\/2017\/11\/DanielGirard-1erJanvier-VillersleLac-208x300.jpg 208w\" sizes=\"auto, (max-width: 446px) 100vw, 446px\" \/><\/p>\n<h5 style=\"text-align: center;\"><strong>Manifestation organis\u00e9e par et pour le Liseron <\/strong><br \/>\n<strong>avec le soutien de la municipalit\u00e9 et de nombreux partenaires.<\/strong><\/h5>\n<p>&nbsp;<\/p>\n","protected":false},"excerpt":{"rendered":"<p>Dimanche 1 janvier 2018 de 19h00 \u00e0 minuit avec Daniel Girard, et ses amis musiciens \u00e0 l&rsquo;occasion du 15e ap\u00e9ritif dansant du Liseron Manifestation organis\u00e9e par et pour le Liseron avec le soutien de la municipalit\u00e9 et de nombreux partenaires. &nbsp;<\/p>\n","protected":false},"author":1,"featured_media":2644,"comment_status":"closed","ping_status":"open","sticky":false,"template":"","format":"standard","meta":{"footnotes":""},"categories":[15,4],"tags":[],"class_list":["post-2642","post","type-post","status-publish","format-standard","has-post-thumbnail","hentry","category-manifestation-exterieure","category-actualites","column","threecol","has-thumbnail"],"_links":{"self":[{"href":"http:\/\/leliseron.com\/index.php?rest_route=\/wp\/v2\/posts\/2642","targetHints":{"allow":["GET"]}}],"collection":[{"href":"http:\/\/leliseron.com\/index.php?rest_route=\/wp\/v2\/posts"}],"about":[{"href":"http:\/\/leliseron.com\/index.php?rest_route=\/wp\/v2\/types\/post"}],"author":[{"embeddable":true,"href":"http:\/\/leliseron.com\/index.php?rest_route=\/wp\/v2\/users\/1"}],"replies":[{"embeddable":true,"href":"http:\/\/leliseron.com\/index.php?rest_route=%2Fwp%2Fv2%2Fcomments&post=2642"}],"version-history":[{"count":3,"href":"http:\/\/leliseron.com\/index.php?rest_route=\/wp\/v2\/posts\/2642\/revisions"}],"predecessor-version":[{"id":2647,"href":"http:\/\/leliseron.com\/index.php?rest_route=\/wp\/v2\/posts\/2642\/revisions\/2647"}],"wp:featuredmedia":[{"embeddable":true,"href":"http:\/\/leliseron.com\/index.php?rest_route=\/wp\/v2\/media\/2644"}],"wp:attachment":[{"href":"http:\/\/leliseron.com\/index.php?rest_route=%2Fwp%2Fv2%2Fmedia&parent=2642"}],"wp:term":[{"taxonomy":"category","embeddable":true,"href":"http:\/\/leliseron.com\/index.php?rest_route=%2Fwp%2Fv2%2Fcategories&post=2642"},{"taxonomy":"post_tag","embeddable":true,"href":"http:\/\/leliseron.com\/index.php?rest_route=%2Fwp%2Fv2%2Ftags&post=2642"}],"curies":[{"name":"wp","href":"https:\/\/api.w.org\/{rel}","templated":true}]}}