{"id":2615,"date":"2017-11-17T22:57:36","date_gmt":"2017-11-17T21:57:36","guid":{"rendered":"http:\/\/www.leliseron.com\/?p=2615"},"modified":"2017-11-17T22:59:40","modified_gmt":"2017-11-17T21:59:40","slug":"un-apres-midi-en-chansons","status":"publish","type":"post","link":"http:\/\/leliseron.com\/?p=2615","title":{"rendered":"Un apr\u00e8s-midi en\u00a0chansons, le\u00a017\u00a0d\u00e9cembre\u00a02017"},"content":{"rendered":"<p style=\"text-align: center;\"><strong><br \/>\nCHORALES<\/strong><\/p>\n<h2 style=\"text-align: center;\"><span style=\"color: #666699;\"><strong>\u00ab\u00a0Les Amis de Martin\u00a0\u00bb<br \/>\n<\/strong><\/span><strong><span style=\"color: #666699;\">\u00ab\u00a0La Pastourelle\u00a0\u00bb<\/span><br \/>\n<\/strong>de Mandeure<\/h2>\n<h1 style=\"text-align: center;\"><strong><em><img loading=\"lazy\" decoding=\"async\" class=\"aligncenter size-full wp-image-2616\" src=\"http:\/\/www.leliseron.com\/wp-content\/uploads\/2017\/11\/Porte\u0301e.png\" alt=\"\" width=\"183\" height=\"46\" \/><span style=\"color: #666699;\">Un apr\u00e8s-midi en chansons<\/span><\/em><\/strong><\/h1>\n<h4 style=\"text-align: center;\"><strong>Chants divers <\/strong><strong>et<\/strong><strong> chants de No\u00ebl<\/strong><\/h4>\n<h1><strong><em><img loading=\"lazy\" decoding=\"async\" class=\"aligncenter size-full wp-image-2616\" src=\"http:\/\/www.leliseron.com\/wp-content\/uploads\/2017\/11\/Porte\u0301e.png\" alt=\"\" width=\"183\" height=\"46\" \/><\/em><\/strong><\/h1>\n<h3 style=\"text-align: center;\"><strong><span style=\"color: #666699;\">Dimanche 17 d\u00e9cembre 2017<\/span><br \/>\n<\/strong>15 h 30<br \/>\n\u00c9glise de VALONNE<\/h3>\n<p style=\"text-align: center;\"><span style=\"color: #666699;\"><strong>Entr\u00e9e libre<\/strong><\/span><\/p>\n<blockquote>\n<p style=\"text-align: left;\"><strong>A l&rsquo;entracte, collecte au profit du Liseron, pour accompagner les clowns aupr\u00e8s des enfants soign\u00e9s pour le cancer \u00e0 l\u2019h\u00f4pital Jean Minjoz de Besan\u00e7on.<\/strong><\/p>\n<\/blockquote>\n","protected":false},"excerpt":{"rendered":"<p>CHORALES \u00ab\u00a0Les Amis de Martin\u00a0\u00bb \u00ab\u00a0La Pastourelle\u00a0\u00bb de Mandeure Un apr\u00e8s-midi en chansons Chants divers et chants de No\u00ebl Dimanche 17 d\u00e9cembre 2017 15 h 30 \u00c9glise de VALONNE Entr\u00e9e libre A l&rsquo;entracte, collecte au profit du Liseron, pour accompagner les clowns aupr\u00e8s des enfants soign\u00e9s pour le cancer \u00e0 &#8230;<\/p>\n","protected":false},"author":1,"featured_media":2616,"comment_status":"closed","ping_status":"open","sticky":false,"template":"","format":"standard","meta":{"footnotes":""},"categories":[4],"tags":[],"class_list":["post-2615","post","type-post","status-publish","format-standard","has-post-thumbnail","hentry","category-actualites","column","threecol","has-thumbnail"],"_links":{"self":[{"href":"http:\/\/leliseron.com\/index.php?rest_route=\/wp\/v2\/posts\/2615","targetHints":{"allow":["GET"]}}],"collection":[{"href":"http:\/\/leliseron.com\/index.php?rest_route=\/wp\/v2\/posts"}],"about":[{"href":"http:\/\/leliseron.com\/index.php?rest_route=\/wp\/v2\/types\/post"}],"author":[{"embeddable":true,"href":"http:\/\/leliseron.com\/index.php?rest_route=\/wp\/v2\/users\/1"}],"replies":[{"embeddable":true,"href":"http:\/\/leliseron.com\/index.php?rest_route=%2Fwp%2Fv2%2Fcomments&post=2615"}],"version-history":[{"count":7,"href":"http:\/\/leliseron.com\/index.php?rest_route=\/wp\/v2\/posts\/2615\/revisions"}],"predecessor-version":[{"id":2623,"href":"http:\/\/leliseron.com\/index.php?rest_route=\/wp\/v2\/posts\/2615\/revisions\/2623"}],"wp:featuredmedia":[{"embeddable":true,"href":"http:\/\/leliseron.com\/index.php?rest_route=\/wp\/v2\/media\/2616"}],"wp:attachment":[{"href":"http:\/\/leliseron.com\/index.php?rest_route=%2Fwp%2Fv2%2Fmedia&parent=2615"}],"wp:term":[{"taxonomy":"category","embeddable":true,"href":"http:\/\/leliseron.com\/index.php?rest_route=%2Fwp%2Fv2%2Fcategories&post=2615"},{"taxonomy":"post_tag","embeddable":true,"href":"http:\/\/leliseron.com\/index.php?rest_route=%2Fwp%2Fv2%2Ftags&post=2615"}],"curies":[{"name":"wp","href":"https:\/\/api.w.org\/{rel}","templated":true}]}}