{"id":2475,"date":"2017-06-07T14:56:17","date_gmt":"2017-06-07T13:56:17","guid":{"rendered":"http:\/\/www.leliseron.com\/?p=2475"},"modified":"2017-09-20T07:49:08","modified_gmt":"2017-09-20T06:49:08","slug":"fete-de-la-musique","status":"publish","type":"post","link":"http:\/\/leliseron.com\/?p=2475","title":{"rendered":"F\u00eate de la musique"},"content":{"rendered":"<h4>Bonjour,<br \/>\nL\u2019association Le Liseron, organise, comme tous les ans,<br \/>\nla<span style=\"color: #800080;\"> <strong>f\u00eate de la musique<\/strong> <\/span>dans la salle de staff en h\u00e9mato A au 2AS,<br \/>\nle <strong>jeudi 22 Juin<\/strong> de <strong>10h30 \u00e0 17 heures<\/strong>.<\/h4>\n<p>Vous \u00eates chaleureusement invit\u00e9s \u00e0 venir \u00e9couter nos musiciens<br \/>\net danseurs, et prendre le verre de l\u2019amiti\u00e9 avec une petite douceur.<\/p>\n<p>&nbsp;<\/p>\n<p><img loading=\"lazy\" decoding=\"async\" class=\"aligncenter wp-image-2476 \" src=\"http:\/\/www.leliseron.com\/wp-content\/uploads\/2017\/06\/Note.jpg\" alt=\"\" width=\"66\" height=\"94\" \/><\/p>\n","protected":false},"excerpt":{"rendered":"<p>Bonjour, L\u2019association Le Liseron, organise, comme tous les ans, la f\u00eate de la musique dans la salle de staff en h\u00e9mato A au 2AS, le jeudi 22 Juin de 10h30 \u00e0 17 heures. Vous \u00eates chaleureusement invit\u00e9s \u00e0 venir \u00e9couter nos musiciens et danseurs, et prendre le verre de l\u2019amiti\u00e9 &#8230;<\/p>\n","protected":false},"author":1,"featured_media":0,"comment_status":"closed","ping_status":"open","sticky":false,"template":"","format":"aside","meta":{"footnotes":""},"categories":[14,17,4],"tags":[],"class_list":["post-2475","post","type-post","status-publish","format-aside","hentry","category-actions-particulieres","category-manifestations-hopital","category-actualites","post_format-post-format-aside","column","threecol"],"_links":{"self":[{"href":"http:\/\/leliseron.com\/index.php?rest_route=\/wp\/v2\/posts\/2475","targetHints":{"allow":["GET"]}}],"collection":[{"href":"http:\/\/leliseron.com\/index.php?rest_route=\/wp\/v2\/posts"}],"about":[{"href":"http:\/\/leliseron.com\/index.php?rest_route=\/wp\/v2\/types\/post"}],"author":[{"embeddable":true,"href":"http:\/\/leliseron.com\/index.php?rest_route=\/wp\/v2\/users\/1"}],"replies":[{"embeddable":true,"href":"http:\/\/leliseron.com\/index.php?rest_route=%2Fwp%2Fv2%2Fcomments&post=2475"}],"version-history":[{"count":4,"href":"http:\/\/leliseron.com\/index.php?rest_route=\/wp\/v2\/posts\/2475\/revisions"}],"predecessor-version":[{"id":2480,"href":"http:\/\/leliseron.com\/index.php?rest_route=\/wp\/v2\/posts\/2475\/revisions\/2480"}],"wp:attachment":[{"href":"http:\/\/leliseron.com\/index.php?rest_route=%2Fwp%2Fv2%2Fmedia&parent=2475"}],"wp:term":[{"taxonomy":"category","embeddable":true,"href":"http:\/\/leliseron.com\/index.php?rest_route=%2Fwp%2Fv2%2Fcategories&post=2475"},{"taxonomy":"post_tag","embeddable":true,"href":"http:\/\/leliseron.com\/index.php?rest_route=%2Fwp%2Fv2%2Ftags&post=2475"}],"curies":[{"name":"wp","href":"https:\/\/api.w.org\/{rel}","templated":true}]}}