{"id":2347,"date":"2016-12-29T08:06:23","date_gmt":"2016-12-29T07:06:23","guid":{"rendered":"http:\/\/www.leliseron.com\/?p=2347"},"modified":"2017-07-03T10:39:17","modified_gmt":"2017-07-03T09:39:17","slug":"aperitif-dansant-du-liseron-le-1er-janvier-2017-a-la-salle-des-fetes-de-villers-le-lac","status":"publish","type":"post","link":"http:\/\/leliseron.com\/?p=2347","title":{"rendered":"Ap\u00e9ritif dansant du Liseron le 1er janvier 2017 \u00e0 la salle des f\u00eates de Villers-le-Lac."},"content":{"rendered":"<p>C&rsquo;est reparti pour la quatorzi\u00e8me \u00e9dition de l&rsquo;ap\u00e9ritif dansant du Liseron<br \/>\nle 1er janvier 2017 \u00e0 la salle des f\u00eates de Villers-le-Lac.<\/p>\n<p>Gr\u00e2ce au soutien de la municipalit\u00e9 de Villers, de nombreux commer\u00e7ants du Val de Morteau, des musiciens et des nombreux b\u00e9n\u00e9voles, le Liseron am\u00e9liore ainsi le quotidien des familles dont un membre est soign\u00e9 en h\u00e9matologie adultes ou en H\u00e9mato-Oncologie-P\u00e9diatrique (HOP) au CHU de Besan\u00e7on.<\/p>\n<p style=\"text-align: center;\"><img loading=\"lazy\" decoding=\"async\" class=\"aligncenter size-full wp-image-373\" src=\"http:\/\/www.leliseron.com\/wp-content\/uploads\/2013\/10\/spacer.gif\" alt=\"\" width=\"10\" height=\"10\" \/><br \/>\n<span style=\"color: #008000;\"><strong><span style=\"color: #800080;\">En 2017<\/span>, <span style=\"color: #339966;\">gr\u00e2ce aux dons, adh\u00e9sions et manifestations,<\/span><\/strong><\/span><br \/>\n<span style=\"color: #339966;\"> <strong> le Liseron financera aussi l&rsquo;Activit\u00e9 Physique Adapt\u00e9<\/strong><\/span><br \/>\n<span style=\"color: #339966;\"> <strong> (pour augmenter les chances de gu\u00e9rison)<\/strong><\/span><br \/>\n<span style=\"color: #339966;\"> <strong> et l&rsquo;intervention de clowns \u00e0 l&rsquo;h\u00f4pital aupr\u00e8s des enfants.<\/strong><\/span><\/p>\n<p style=\"text-align: center;\"><img loading=\"lazy\" decoding=\"async\" class=\"aligncenter wp-image-373\" src=\"http:\/\/www.leliseron.com\/wp-content\/uploads\/2013\/10\/spacer.gif\" alt=\"\" width=\"92\" height=\"99\" \/><\/p>\n<p style=\"text-align: center;\">\/ \/\u00a0 Merci de diffuser largement l&rsquo;information dans vos r\u00e9seaux. \/ \/<\/p>\n<p style=\"text-align: center;\">\n","protected":false},"excerpt":{"rendered":"<p>C&rsquo;est reparti pour la quatorzi\u00e8me \u00e9dition de l&rsquo;ap\u00e9ritif dansant du Liseron le 1er janvier 2017 \u00e0 la salle des f\u00eates de Villers-le-Lac. Gr\u00e2ce au soutien de la municipalit\u00e9 de Villers, de nombreux commer\u00e7ants du Val de Morteau, des musiciens et des nombreux b\u00e9n\u00e9voles, le Liseron am\u00e9liore ainsi le quotidien des &#8230;<\/p>\n","protected":false},"author":1,"featured_media":0,"comment_status":"closed","ping_status":"open","sticky":false,"template":"","format":"standard","meta":{"footnotes":""},"categories":[14,15,4],"tags":[],"class_list":["post-2347","post","type-post","status-publish","format-standard","hentry","category-actions-particulieres","category-manifestation-exterieure","category-actualites","column","threecol"],"_links":{"self":[{"href":"http:\/\/leliseron.com\/index.php?rest_route=\/wp\/v2\/posts\/2347","targetHints":{"allow":["GET"]}}],"collection":[{"href":"http:\/\/leliseron.com\/index.php?rest_route=\/wp\/v2\/posts"}],"about":[{"href":"http:\/\/leliseron.com\/index.php?rest_route=\/wp\/v2\/types\/post"}],"author":[{"embeddable":true,"href":"http:\/\/leliseron.com\/index.php?rest_route=\/wp\/v2\/users\/1"}],"replies":[{"embeddable":true,"href":"http:\/\/leliseron.com\/index.php?rest_route=%2Fwp%2Fv2%2Fcomments&post=2347"}],"version-history":[{"count":9,"href":"http:\/\/leliseron.com\/index.php?rest_route=\/wp\/v2\/posts\/2347\/revisions"}],"predecessor-version":[{"id":2356,"href":"http:\/\/leliseron.com\/index.php?rest_route=\/wp\/v2\/posts\/2347\/revisions\/2356"}],"wp:attachment":[{"href":"http:\/\/leliseron.com\/index.php?rest_route=%2Fwp%2Fv2%2Fmedia&parent=2347"}],"wp:term":[{"taxonomy":"category","embeddable":true,"href":"http:\/\/leliseron.com\/index.php?rest_route=%2Fwp%2Fv2%2Fcategories&post=2347"},{"taxonomy":"post_tag","embeddable":true,"href":"http:\/\/leliseron.com\/index.php?rest_route=%2Fwp%2Fv2%2Ftags&post=2347"}],"curies":[{"name":"wp","href":"https:\/\/api.w.org\/{rel}","templated":true}]}}