{"id":2297,"date":"2016-11-16T18:04:50","date_gmt":"2016-11-16T17:04:50","guid":{"rendered":"http:\/\/www.leliseron.com\/?p=2297"},"modified":"2018-06-11T13:00:15","modified_gmt":"2018-06-11T12:00:15","slug":"celt-keys-en-concert-le-3-decembre-2016","status":"publish","type":"post","link":"http:\/\/leliseron.com\/?p=2297","title":{"rendered":"Celt Keys en concert, le 3 d\u00e9cembre 2016"},"content":{"rendered":"<p style=\"padding-left: 90px;\">Le groupe <strong>Celt Keys<\/strong>,groupe pontissalien de rock celtique,<br \/>\ndonnera un concert au grand Kursaal de Besan\u00e7on<br \/>\n\u00e0 l&rsquo;occasion de la sortie de son nouvel album.<\/p>\n<h1 style=\"text-align: center;\"><strong><span style=\"color: #800080;\">Samedi 3 d\u00e9cembre 2016<\/span><\/strong><br \/>\n<strong><span style=\"color: #800080;\">20h30<\/span><\/strong><\/h1>\n<p style=\"text-align: center;\">Les profits de la buvette lors de cette soir\u00e9e<br \/>\nseront revers\u00e9s \u00e0 l&rsquo;association <strong>Le Liseron<\/strong>.<\/p>\n<p style=\"text-align: center;\"><img loading=\"lazy\" decoding=\"async\" class=\"aligncenter size-large wp-image-2299\" src=\"http:\/\/www.leliseron.com\/wp-content\/uploads\/2016\/11\/Flyer-Recto-726x1024.jpg\" alt=\"flyer-recto\" width=\"660\" height=\"931\" srcset=\"http:\/\/leliseron.com\/wp-content\/uploads\/2016\/11\/Flyer-Recto-726x1024.jpg 726w, http:\/\/leliseron.com\/wp-content\/uploads\/2016\/11\/Flyer-Recto-213x300.jpg 213w, http:\/\/leliseron.com\/wp-content\/uploads\/2016\/11\/Flyer-Recto-768x1083.jpg 768w, http:\/\/leliseron.com\/wp-content\/uploads\/2016\/11\/Flyer-Recto-700x987.jpg 700w, http:\/\/leliseron.com\/wp-content\/uploads\/2016\/11\/Flyer-Recto.jpg 1240w\" sizes=\"auto, (max-width: 660px) 100vw, 660px\" \/><\/p>\n<p style=\"text-align: center;\"><strong><span style=\"color: #800080;\">\u00a0\/ \/ \/ \/\u00a0 T\u00e9l\u00e9charger le Flyer \/ \/ \/ \/<\/span><\/strong><\/p>\n<p><a href=\"http:\/\/www.leliseron.com\/wp-content\/uploads\/2016\/11\/Flyer-Celt-Key.pdf\" target=\"_blank\"><img loading=\"lazy\" decoding=\"async\" class=\"aligncenter wp-image-400 size-full\" src=\"http:\/\/www.leliseron.com\/wp-content\/uploads\/2013\/12\/flech-telechargement.png\" alt=\"T\u00e9l\u00e9chargement\" width=\"45\" height=\"42\" \/><\/a><\/p>\n<p>&nbsp;<\/p>\n<p>&nbsp;<\/p>\n<p>&nbsp;<\/p>\n","protected":false},"excerpt":{"rendered":"<p>Le groupe Celt Keys,groupe pontissalien de rock celtique, donnera un concert au grand Kursaal de Besan\u00e7on \u00e0 l&rsquo;occasion de la sortie de son nouvel album. Samedi 3 d\u00e9cembre 2016 20h30 Les profits de la buvette lors de cette soir\u00e9e seront revers\u00e9s \u00e0 l&rsquo;association Le Liseron. \u00a0\/ \/ \/ \/\u00a0 T\u00e9l\u00e9charger &#8230;<\/p>\n","protected":false},"author":1,"featured_media":2296,"comment_status":"closed","ping_status":"open","sticky":false,"template":"","format":"standard","meta":{"footnotes":""},"categories":[15,4],"tags":[],"class_list":["post-2297","post","type-post","status-publish","format-standard","has-post-thumbnail","hentry","category-manifestation-exterieure","category-actualites","column","threecol","has-thumbnail"],"_links":{"self":[{"href":"http:\/\/leliseron.com\/index.php?rest_route=\/wp\/v2\/posts\/2297","targetHints":{"allow":["GET"]}}],"collection":[{"href":"http:\/\/leliseron.com\/index.php?rest_route=\/wp\/v2\/posts"}],"about":[{"href":"http:\/\/leliseron.com\/index.php?rest_route=\/wp\/v2\/types\/post"}],"author":[{"embeddable":true,"href":"http:\/\/leliseron.com\/index.php?rest_route=\/wp\/v2\/users\/1"}],"replies":[{"embeddable":true,"href":"http:\/\/leliseron.com\/index.php?rest_route=%2Fwp%2Fv2%2Fcomments&post=2297"}],"version-history":[{"count":7,"href":"http:\/\/leliseron.com\/index.php?rest_route=\/wp\/v2\/posts\/2297\/revisions"}],"predecessor-version":[{"id":2310,"href":"http:\/\/leliseron.com\/index.php?rest_route=\/wp\/v2\/posts\/2297\/revisions\/2310"}],"wp:featuredmedia":[{"embeddable":true,"href":"http:\/\/leliseron.com\/index.php?rest_route=\/wp\/v2\/media\/2296"}],"wp:attachment":[{"href":"http:\/\/leliseron.com\/index.php?rest_route=%2Fwp%2Fv2%2Fmedia&parent=2297"}],"wp:term":[{"taxonomy":"category","embeddable":true,"href":"http:\/\/leliseron.com\/index.php?rest_route=%2Fwp%2Fv2%2Fcategories&post=2297"},{"taxonomy":"post_tag","embeddable":true,"href":"http:\/\/leliseron.com\/index.php?rest_route=%2Fwp%2Fv2%2Ftags&post=2297"}],"curies":[{"name":"wp","href":"https:\/\/api.w.org\/{rel}","templated":true}]}}