{"id":2229,"date":"2016-05-23T10:22:00","date_gmt":"2016-05-23T09:22:00","guid":{"rendered":"http:\/\/www.leliseron.com\/?p=2229"},"modified":"2017-07-03T10:38:55","modified_gmt":"2017-07-03T09:38:55","slug":"conseil-dadministration-du-liseron-aux-gras-le-21-mai-0216","status":"publish","type":"post","link":"http:\/\/leliseron.com\/?p=2229","title":{"rendered":"Conseil d&rsquo;administration du\u00a0Liseron aux Gras, le\u00a021\u00a0mai\u00a02016"},"content":{"rendered":"<p>Le conseil d&rsquo;administration s&rsquo;est tenu ce samedi 21 mai aux Gras de 9h30 \u00e0 11h.<\/p>\n<p>Une future b\u00e9n\u00e9vole est venue se pr\u00e9senter et vers 11h30, le Liseron a offert l&rsquo;ap\u00e9ritif \u00e0 ses fid\u00e8les partenaires du Haut-Doubs invit\u00e9s \u00e0 cette occasion.<\/p>\n<p>Apr\u00e8s la pr\u00e9sentation de nos invit\u00e9s et des membres du CA, le pr\u00e9sident M. Jean-Paul VERGON,\u00a0 a pr\u00e9sent\u00e9 l&rsquo;ensemble des actions du Liseron :<\/p>\n<ul>\n<li>aide et accompagnement des familles ;<\/li>\n<li>soutiens financiers sur dossiers de l&rsquo;assistante sociale ;<\/li>\n<li>animation de groupes de parole ;<\/li>\n<li>promotion du don de moelle osseuse en lien avec la jeunesse ;<\/li>\n<li>manifestations organis\u00e9es par ou pour le Liseron afin de r\u00e9colter des fonds&#8230;<\/li>\n<\/ul>\n<p>Le pr\u00e9sident a pr\u00e9sent\u00e9 \u00e9galement deux activit\u00e9s qui seront mises en place dans les prochains mois :<\/p>\n<ul>\n<li>l&rsquo;<strong>Activit\u00e9 Physique Adapt\u00e9e<\/strong> pour les adolescents et adultes touch\u00e9s par le cancer (car il est prouv\u00e9 que le sport adapt\u00e9 augmente les chances de gu\u00e9rison) ;<\/li>\n<li>la pr\u00e9sence des <strong>clowns \u00e0 l&rsquo;h\u00f4pital<\/strong> dans les services de p\u00e9diatrie.<\/li>\n<\/ul>\n<p>ces deux activit\u00e9s seront cr\u00e9\u00e9es \u00e0 l&rsquo;initiative du Liseron, mais en lien avec d&rsquo;autres partenaires et les services hospitaliers concern\u00e9s.<\/p>\n<p>Cette rencontre de convivialit\u00e9 s&rsquo;est poursuivie par un pique-nique pour tout le monde sous forme de repas partag\u00e9.<\/p>\n<p style=\"text-align: center;\"><strong>Merci \u00e0 la municipalit\u00e9 des Gras pour l&rsquo;accueil dans sa salle des f\u00eates<br \/>\net merci \u00e0 la famille FORGERON pour l&rsquo;organisation de cette belle rencontre.<\/strong><\/p>\n<div id='gallery-1' class='gallery galleryid-2229 gallery-columns-2 gallery-size-medium'><figure class='gallery-item'>\n\t\t\t<div class='gallery-icon landscape'>\n\t\t\t\t<a rel='attachment' href='http:\/\/leliseron.com\/wp-content\/uploads\/2016\/05\/P1030554.jpg'><img loading=\"lazy\" decoding=\"async\" width=\"300\" height=\"225\" src=\"http:\/\/leliseron.com\/wp-content\/uploads\/2016\/05\/P1030554-300x225.jpg\" class=\"attachment-medium size-medium\" alt=\"\" srcset=\"http:\/\/leliseron.com\/wp-content\/uploads\/2016\/05\/P1030554-300x225.jpg 300w, http:\/\/leliseron.com\/wp-content\/uploads\/2016\/05\/P1030554-768x576.jpg 768w, http:\/\/leliseron.com\/wp-content\/uploads\/2016\/05\/P1030554-1024x768.jpg 1024w, http:\/\/leliseron.com\/wp-content\/uploads\/2016\/05\/P1030554-700x525.jpg 700w, http:\/\/leliseron.com\/wp-content\/uploads\/2016\/05\/P1030554.jpg 1600w\" sizes=\"auto, (max-width: 300px) 100vw, 300px\" \/><\/a>\n\t\t\t<\/div><\/figure><figure class='gallery-item'>\n\t\t\t<div class='gallery-icon landscape'>\n\t\t\t\t<a rel='attachment' href='http:\/\/leliseron.com\/wp-content\/uploads\/2016\/05\/P1030557.jpg'><img loading=\"lazy\" decoding=\"async\" width=\"300\" height=\"225\" src=\"http:\/\/leliseron.com\/wp-content\/uploads\/2016\/05\/P1030557-300x225.jpg\" class=\"attachment-medium size-medium\" alt=\"\" srcset=\"http:\/\/leliseron.com\/wp-content\/uploads\/2016\/05\/P1030557-300x225.jpg 300w, http:\/\/leliseron.com\/wp-content\/uploads\/2016\/05\/P1030557-768x576.jpg 768w, http:\/\/leliseron.com\/wp-content\/uploads\/2016\/05\/P1030557-1024x768.jpg 1024w, http:\/\/leliseron.com\/wp-content\/uploads\/2016\/05\/P1030557-700x525.jpg 700w, http:\/\/leliseron.com\/wp-content\/uploads\/2016\/05\/P1030557.jpg 1600w\" sizes=\"auto, (max-width: 300px) 100vw, 300px\" \/><\/a>\n\t\t\t<\/div><\/figure><figure class='gallery-item'>\n\t\t\t<div class='gallery-icon landscape'>\n\t\t\t\t<a rel='attachment' href='http:\/\/leliseron.com\/wp-content\/uploads\/2016\/05\/P1030558.jpg'><img loading=\"lazy\" decoding=\"async\" width=\"300\" height=\"225\" src=\"http:\/\/leliseron.com\/wp-content\/uploads\/2016\/05\/P1030558-300x225.jpg\" class=\"attachment-medium size-medium\" alt=\"\" srcset=\"http:\/\/leliseron.com\/wp-content\/uploads\/2016\/05\/P1030558-300x225.jpg 300w, http:\/\/leliseron.com\/wp-content\/uploads\/2016\/05\/P1030558-768x576.jpg 768w, http:\/\/leliseron.com\/wp-content\/uploads\/2016\/05\/P1030558-1024x768.jpg 1024w, http:\/\/leliseron.com\/wp-content\/uploads\/2016\/05\/P1030558-700x525.jpg 700w, http:\/\/leliseron.com\/wp-content\/uploads\/2016\/05\/P1030558.jpg 1600w\" sizes=\"auto, (max-width: 300px) 100vw, 300px\" \/><\/a>\n\t\t\t<\/div><\/figure><figure class='gallery-item'>\n\t\t\t<div class='gallery-icon landscape'>\n\t\t\t\t<a rel='attachment' href='http:\/\/leliseron.com\/wp-content\/uploads\/2016\/05\/P1030561.jpg'><img loading=\"lazy\" decoding=\"async\" width=\"300\" height=\"225\" src=\"http:\/\/leliseron.com\/wp-content\/uploads\/2016\/05\/P1030561-300x225.jpg\" class=\"attachment-medium size-medium\" alt=\"\" srcset=\"http:\/\/leliseron.com\/wp-content\/uploads\/2016\/05\/P1030561-300x225.jpg 300w, http:\/\/leliseron.com\/wp-content\/uploads\/2016\/05\/P1030561-768x576.jpg 768w, http:\/\/leliseron.com\/wp-content\/uploads\/2016\/05\/P1030561-1024x768.jpg 1024w, http:\/\/leliseron.com\/wp-content\/uploads\/2016\/05\/P1030561-700x525.jpg 700w, http:\/\/leliseron.com\/wp-content\/uploads\/2016\/05\/P1030561.jpg 1600w\" sizes=\"auto, (max-width: 300px) 100vw, 300px\" \/><\/a>\n\t\t\t<\/div><\/figure>\n\t\t<\/div>\n\n","protected":false},"excerpt":{"rendered":"<p>Le conseil d&rsquo;administration s&rsquo;est tenu ce samedi 21 mai aux Gras de 9h30 \u00e0 11h. Une future b\u00e9n\u00e9vole est venue se pr\u00e9senter et vers 11h30, le Liseron a offert l&rsquo;ap\u00e9ritif \u00e0 ses fid\u00e8les partenaires du Haut-Doubs invit\u00e9s \u00e0 cette occasion. Apr\u00e8s la pr\u00e9sentation de nos invit\u00e9s et des membres du &#8230;<\/p>\n","protected":false},"author":1,"featured_media":2232,"comment_status":"closed","ping_status":"open","sticky":false,"template":"","format":"standard","meta":{"footnotes":""},"categories":[4],"tags":[],"class_list":["post-2229","post","type-post","status-publish","format-standard","has-post-thumbnail","hentry","category-actualites","column","threecol","has-thumbnail"],"_links":{"self":[{"href":"http:\/\/leliseron.com\/index.php?rest_route=\/wp\/v2\/posts\/2229","targetHints":{"allow":["GET"]}}],"collection":[{"href":"http:\/\/leliseron.com\/index.php?rest_route=\/wp\/v2\/posts"}],"about":[{"href":"http:\/\/leliseron.com\/index.php?rest_route=\/wp\/v2\/types\/post"}],"author":[{"embeddable":true,"href":"http:\/\/leliseron.com\/index.php?rest_route=\/wp\/v2\/users\/1"}],"replies":[{"embeddable":true,"href":"http:\/\/leliseron.com\/index.php?rest_route=%2Fwp%2Fv2%2Fcomments&post=2229"}],"version-history":[{"count":9,"href":"http:\/\/leliseron.com\/index.php?rest_route=\/wp\/v2\/posts\/2229\/revisions"}],"predecessor-version":[{"id":2242,"href":"http:\/\/leliseron.com\/index.php?rest_route=\/wp\/v2\/posts\/2229\/revisions\/2242"}],"wp:featuredmedia":[{"embeddable":true,"href":"http:\/\/leliseron.com\/index.php?rest_route=\/wp\/v2\/media\/2232"}],"wp:attachment":[{"href":"http:\/\/leliseron.com\/index.php?rest_route=%2Fwp%2Fv2%2Fmedia&parent=2229"}],"wp:term":[{"taxonomy":"category","embeddable":true,"href":"http:\/\/leliseron.com\/index.php?rest_route=%2Fwp%2Fv2%2Fcategories&post=2229"},{"taxonomy":"post_tag","embeddable":true,"href":"http:\/\/leliseron.com\/index.php?rest_route=%2Fwp%2Fv2%2Ftags&post=2229"}],"curies":[{"name":"wp","href":"https:\/\/api.w.org\/{rel}","templated":true}]}}