{"id":2117,"date":"2016-03-20T20:39:02","date_gmt":"2016-03-20T19:39:02","guid":{"rendered":"http:\/\/www.leliseron.com\/?p=2117"},"modified":"2017-07-03T10:38:42","modified_gmt":"2017-07-03T09:38:42","slug":"semaine-du-don-de-moelle-osseuse","status":"publish","type":"post","link":"http:\/\/leliseron.com\/?p=2117","title":{"rendered":"Semaine du don de moelle osseuse"},"content":{"rendered":"<p><a href=\"http:\/\/www.leliseron.com\/wp-content\/uploads\/2016\/03\/P1030366.jpg\" rel=\"attachment wp-att-2119\"><img loading=\"lazy\" decoding=\"async\" class=\"alignleft wp-image-2119\" src=\"http:\/\/www.leliseron.com\/wp-content\/uploads\/2016\/03\/P1030366-300x225.jpg\" alt=\"P1030366\" width=\"286\" height=\"201\" \/><\/a>Au cours de la semaine de sensibilisation au don de moelle osseuse du 14 au 19 mars, le bus du don de moelle s&rsquo;est arr\u00eat\u00e9 le jeudi 17 mars sur la place des droits de l&rsquo;homme<br \/>\n\u00e0 Besan\u00e7on.<\/p>\n<p>Le Liseron \u00e9tait pr\u00e9sent, accompagnant \u00e9galement 5 jeunes du lyc\u00e9e Fran\u00e7ois-Xavier mobilis\u00e9s, \u00e0 cette occasion, pour sensibiliser le public au don de moelle osseuse.<\/p>\n<p>Ce jour-l\u00e0, apr\u00e8s entretien avec le m\u00e9decin et prise de sang, 34 personnes se sont inscrites sur le fichier du don de moelle osseuse et 48 personnes ont rempli un fichier de pr\u00e9-inscription pour \u00eatre convoquer ult\u00e9rieurement \u00e0 l\u2019\u00e9tablissement Fran\u00e7ais du Sang o\u00f9 se tiendra une r\u00e9union programm\u00e9e avec le Liseron, le <strong>5 avril<\/strong> prochain.<\/p>\n<p style=\"text-align: center;\"><a href=\"http:\/\/www.leliseron.com\/wp-content\/uploads\/2016\/03\/P1030368.jpg\" rel=\"attachment wp-att-2118\"><img loading=\"lazy\" decoding=\"async\" class=\"aligncenter wp-image-2118\" src=\"http:\/\/www.leliseron.com\/wp-content\/uploads\/2016\/03\/P1030368-1024x768.jpg\" alt=\"P1030368\" width=\"515\" height=\"393\" \/><\/a><\/p>\n<p style=\"text-align: center;\"><img loading=\"lazy\" decoding=\"async\" class=\"aligncenter wp-image-1868 size-full\" src=\"http:\/\/www.leliseron.com\/wp-content\/uploads\/2015\/06\/carre-vert.jpg\" alt=\"carre-vert\" width=\"16\" height=\"15\" \/><\/p>\n","protected":false},"excerpt":{"rendered":"<p>Au cours de la semaine de sensibilisation au don de moelle osseuse du 14 au 19 mars, le bus du don de moelle s&rsquo;est arr\u00eat\u00e9 le jeudi 17 mars sur la place des droits de l&rsquo;homme \u00e0 Besan\u00e7on. Le Liseron \u00e9tait pr\u00e9sent, accompagnant \u00e9galement 5 jeunes du lyc\u00e9e Fran\u00e7ois-Xavier mobilis\u00e9s, &#8230;<\/p>\n","protected":false},"author":1,"featured_media":2119,"comment_status":"closed","ping_status":"open","sticky":false,"template":"","format":"standard","meta":{"footnotes":""},"categories":[14,15],"tags":[],"class_list":["post-2117","post","type-post","status-publish","format-standard","has-post-thumbnail","hentry","category-actions-particulieres","category-manifestation-exterieure","column","threecol","has-thumbnail"],"_links":{"self":[{"href":"http:\/\/leliseron.com\/index.php?rest_route=\/wp\/v2\/posts\/2117","targetHints":{"allow":["GET"]}}],"collection":[{"href":"http:\/\/leliseron.com\/index.php?rest_route=\/wp\/v2\/posts"}],"about":[{"href":"http:\/\/leliseron.com\/index.php?rest_route=\/wp\/v2\/types\/post"}],"author":[{"embeddable":true,"href":"http:\/\/leliseron.com\/index.php?rest_route=\/wp\/v2\/users\/1"}],"replies":[{"embeddable":true,"href":"http:\/\/leliseron.com\/index.php?rest_route=%2Fwp%2Fv2%2Fcomments&post=2117"}],"version-history":[{"count":10,"href":"http:\/\/leliseron.com\/index.php?rest_route=\/wp\/v2\/posts\/2117\/revisions"}],"predecessor-version":[{"id":2144,"href":"http:\/\/leliseron.com\/index.php?rest_route=\/wp\/v2\/posts\/2117\/revisions\/2144"}],"wp:featuredmedia":[{"embeddable":true,"href":"http:\/\/leliseron.com\/index.php?rest_route=\/wp\/v2\/media\/2119"}],"wp:attachment":[{"href":"http:\/\/leliseron.com\/index.php?rest_route=%2Fwp%2Fv2%2Fmedia&parent=2117"}],"wp:term":[{"taxonomy":"category","embeddable":true,"href":"http:\/\/leliseron.com\/index.php?rest_route=%2Fwp%2Fv2%2Fcategories&post=2117"},{"taxonomy":"post_tag","embeddable":true,"href":"http:\/\/leliseron.com\/index.php?rest_route=%2Fwp%2Fv2%2Ftags&post=2117"}],"curies":[{"name":"wp","href":"https:\/\/api.w.org\/{rel}","templated":true}]}}