{"id":1889,"date":"2015-08-10T09:31:26","date_gmt":"2015-08-10T08:31:26","guid":{"rendered":"http:\/\/www.leliseron.com\/?p=1889"},"modified":"2015-08-15T09:56:42","modified_gmt":"2015-08-15T08:56:42","slug":"operation-allons-plus-loin-pour-nos-enfants-besancon-5-sept-2015","status":"publish","type":"post","link":"http:\/\/leliseron.com\/?p=1889","title":{"rendered":"Op\u00e9ration \u00ab\u00a0Allons plus loin pour nos enfants\u00a0\u00bb, Besan\u00e7on, 5 sept. 2015"},"content":{"rendered":"<h6 style=\"text-align: center;\"><a href=\"http:\/\/www.leliseron.com\/wp-content\/uploads\/2015\/08\/Allons-plus-loin-pour-nos-enfants_1.jpg\" target=\"_blank\"><img loading=\"lazy\" decoding=\"async\" class=\"aligncenter wp-image-1902 \" src=\"http:\/\/www.leliseron.com\/wp-content\/uploads\/2015\/08\/Allons-plus-loin-pour-nos-enfants_1.jpg\" alt=\"Allons-plus-loin-pour-nos-enfants_1\" width=\"560\" height=\"194\" \/><\/a><\/h6>\n<h4 style=\"text-align: center;\"><span style=\"color: #008080;\"><strong>\u00ab Allons plus loin pour nos enfants \u00bb<\/strong><\/span><br \/>\n<span style=\"color: #008080;\"> <strong>\u00e0 Besan\u00e7on, le 05 Septembre 2015.<br \/>\n<\/strong><\/span><\/h4>\n<p>&nbsp;<\/p>\n<p style=\"text-align: center;\">Vente principalement d&rsquo;habits de 0 \u00e0 99 ans, de livres, etc, au prix unique d&rsquo;1 \u20ac<br \/>\nManifestation organis\u00e9e avec le concessionnaire <span style=\"color: #993366;\"><strong>FORD<\/strong><\/span> :<\/p>\n<p style=\"text-align: center;\">Des essais de voiture seront possibles.<\/p>\n<p style=\"text-align: center;\">A chaque essai notre association<br \/>\n<span style=\"color: #993366;\"><strong>AU BONHEUR DES ENFANTS<\/strong><\/span> recevra <span style=\"color: #800080;\"><strong>20 \u20ac<\/strong><\/span>.<\/p>\n<p style=\"text-align: center;\">Exposition \u00e9galement de voitures MUSTANG, buvette, Food Truck,<br \/>\nanimations pour enfants,&#8230;<\/p>\n<p style=\"text-align: center;\">T\u00e9l\u00e9charger le document-Presse :<br \/>\n<a href=\"http:\/\/www.leliseron.com\/wp-content\/uploads\/2015\/08\/CP-Allons_plus_loin_pour_nos_enfants.pdf\"><img loading=\"lazy\" decoding=\"async\" class=\"aligncenter wp-image-49\" src=\"http:\/\/www.leliseron.com\/wp-content\/uploads\/2013\/09\/picto_telechargement-150x150.png\" alt=\"T\u00e9l\u00e9chargement\" width=\"58\" height=\"61\" \/><\/a><\/p>\n<p style=\"text-align: center;\"><strong><em>Rappel : Les b\u00e9n\u00e9fices seront revers\u00e9s aux enfants malades ou handicap\u00e9s bisontins ou franc-comtois.<br \/>\nLes enfants ont besoin de vous.<br \/>\nMerci pour Eux et n&rsquo;oubliez pas d&rsquo;en parler autour de vous.<\/em><\/strong><\/p>\n<p style=\"text-align: center;\">&gt;&gt; <a href=\"https:\/\/www.facebook.com\/pages\/Association-Au-Bonheur-Des-Enfants\/124611387689137\" target=\"_blank\">Au bonheur des enfants<\/a> &lt;&lt;<strong><em><br \/>\n<\/em><\/strong><\/p>\n<p style=\"text-align: center;\"><a href=\"http:\/\/www.leliseron.com\/wp-content\/uploads\/2015\/08\/Allons-plus-loin-pour-nos-enfants_3.png\"><img loading=\"lazy\" decoding=\"async\" class=\"aligncenter  wp-image-1909\" src=\"http:\/\/www.leliseron.com\/wp-content\/uploads\/2015\/08\/Allons-plus-loin-pour-nos-enfants_3.png\" alt=\"Allons-plus-loin-pour-nos-enfants_3\" width=\"521\" height=\"218\" \/><\/a><\/p>\n","protected":false},"excerpt":{"rendered":"<p>\u00ab Allons plus loin pour nos enfants \u00bb \u00e0 Besan\u00e7on, le 05 Septembre 2015. &nbsp; Vente principalement d&rsquo;habits de 0 \u00e0 99 ans, de livres, etc, au prix unique d&rsquo;1 \u20ac Manifestation organis\u00e9e avec le concessionnaire FORD : Des essais de voiture seront possibles. A chaque essai notre association AU &#8230;<\/p>\n","protected":false},"author":1,"featured_media":1904,"comment_status":"closed","ping_status":"open","sticky":false,"template":"","format":"standard","meta":{"footnotes":""},"categories":[14,15,4],"tags":[],"class_list":["post-1889","post","type-post","status-publish","format-standard","has-post-thumbnail","hentry","category-actions-particulieres","category-manifestation-exterieure","category-actualites","column","threecol","has-thumbnail"],"_links":{"self":[{"href":"http:\/\/leliseron.com\/index.php?rest_route=\/wp\/v2\/posts\/1889","targetHints":{"allow":["GET"]}}],"collection":[{"href":"http:\/\/leliseron.com\/index.php?rest_route=\/wp\/v2\/posts"}],"about":[{"href":"http:\/\/leliseron.com\/index.php?rest_route=\/wp\/v2\/types\/post"}],"author":[{"embeddable":true,"href":"http:\/\/leliseron.com\/index.php?rest_route=\/wp\/v2\/users\/1"}],"replies":[{"embeddable":true,"href":"http:\/\/leliseron.com\/index.php?rest_route=%2Fwp%2Fv2%2Fcomments&post=1889"}],"version-history":[{"count":20,"href":"http:\/\/leliseron.com\/index.php?rest_route=\/wp\/v2\/posts\/1889\/revisions"}],"predecessor-version":[{"id":1913,"href":"http:\/\/leliseron.com\/index.php?rest_route=\/wp\/v2\/posts\/1889\/revisions\/1913"}],"wp:featuredmedia":[{"embeddable":true,"href":"http:\/\/leliseron.com\/index.php?rest_route=\/wp\/v2\/media\/1904"}],"wp:attachment":[{"href":"http:\/\/leliseron.com\/index.php?rest_route=%2Fwp%2Fv2%2Fmedia&parent=1889"}],"wp:term":[{"taxonomy":"category","embeddable":true,"href":"http:\/\/leliseron.com\/index.php?rest_route=%2Fwp%2Fv2%2Fcategories&post=1889"},{"taxonomy":"post_tag","embeddable":true,"href":"http:\/\/leliseron.com\/index.php?rest_route=%2Fwp%2Fv2%2Ftags&post=1889"}],"curies":[{"name":"wp","href":"https:\/\/api.w.org\/{rel}","templated":true}]}}