{"id":1822,"date":"2015-06-15T11:06:02","date_gmt":"2015-06-15T10:06:02","guid":{"rendered":"http:\/\/www.leliseron.com\/?p=1822"},"modified":"2017-07-03T10:38:10","modified_gmt":"2017-07-03T09:38:10","slug":"longue-vie-a-la-boudu","status":"publish","type":"post","link":"http:\/\/leliseron.com\/?p=1822","title":{"rendered":"Longue vie \u00e0\u00a0la\u00a0Boudu\u00a0!"},"content":{"rendered":"<p style=\"padding-left: 30px;\"><a href=\"http:\/\/www.leliseron.com\/wp-content\/uploads\/2015\/06\/P1020559-r.jpg\"><img loading=\"lazy\" decoding=\"async\" class=\" wp-image-1821 size-large aligncenter\" src=\"http:\/\/www.leliseron.com\/wp-content\/uploads\/2015\/06\/P1020559-r-1024x768.jpg\" alt=\"Une belle d\u00e9l\u00e9gation f\u00e9minine et Andr\u00e9as Busse Cot\u00e9, le Pr\u00e9sident de la Boudu Corpo M\u00e9decine remettaient au Liseron un don d'un montant de 1200 \u20ac !\" width=\"660\" height=\"495\" srcset=\"http:\/\/leliseron.com\/wp-content\/uploads\/2015\/06\/P1020559-r-1024x768.jpg 1024w, http:\/\/leliseron.com\/wp-content\/uploads\/2015\/06\/P1020559-r-300x225.jpg 300w, http:\/\/leliseron.com\/wp-content\/uploads\/2015\/06\/P1020559-r-700x525.jpg 700w, http:\/\/leliseron.com\/wp-content\/uploads\/2015\/06\/P1020559-r.jpg 1600w\" sizes=\"auto, (max-width: 660px) 100vw, 660px\" \/><\/a><\/p>\n<p style=\"padding-left: 60px; text-align: center;\">Le 4 juin 2015, une belle d\u00e9l\u00e9gation f\u00e9minine et Andr\u00e9as Busse Cot\u00e9,<br \/>\nle Pr\u00e9sident de la <strong>Boudu Corpo M\u00e9decine<\/strong> remettaient au Liseron<br \/>\nun don d&rsquo;un montant de <strong>1200 \u20ac<\/strong>,<br \/>\nn\u00e9 de l&rsquo;organisation de son gala annuel au grand Kursaal de Besan\u00e7on.<\/p>\n<p style=\"padding-left: 60px;\">Une soir\u00e9e du 6 mars vivement et superbement anim\u00e9e par de talentueux<br \/>\njeunes gens \u00e9tudiants artistes musiciens danseurs.<br \/>\nJeux physiques et de masques \u00e9taient \u00e9galement au programme.<br \/>\nAmbiance assur\u00e9e dans la salle !<\/p>\n<p style=\"padding-left: 60px;\">Ce don compl\u00e8tera le financement des s\u00e9ances d&rsquo;activit\u00e9 physique adapt\u00e9e propos\u00e9es aux patients d&rsquo;h\u00e9matologie du CHRUB Jean Minjoz.<\/p>\n<p style=\"padding-left: 60px;\"><img loading=\"lazy\" decoding=\"async\" class=\"aligncenter wp-image-373 size-full\" src=\"http:\/\/www.leliseron.com\/wp-content\/uploads\/2013\/10\/spacer.gif\" alt=\"spacer\" width=\"10\" height=\"10\" \/>Le pr\u00e9sident Busse Cot\u00e9 projette de poursuivre sa collaboration avec le Liseron<br \/>\npar la cr\u00e9ation d&rsquo;un stand de fabrication de masques en carton p\u00e2te<br \/>\n\u00e0 destination des enfants au prochain carnaval de Besan\u00e7on.<\/p>\n<p style=\"text-align: center;\"><em><strong><img loading=\"lazy\" decoding=\"async\" class=\"aligncenter wp-image-373 size-full\" src=\"http:\/\/www.leliseron.com\/wp-content\/uploads\/2013\/10\/spacer.gif\" alt=\"spacer\" width=\"10\" height=\"10\" \/>Longue vie \u00e0 la Boudu !<\/strong><\/em><\/p>\n<p>&nbsp;<\/p>\n<p style=\"text-align: center;\"><em><strong><img loading=\"lazy\" decoding=\"async\" class=\"aligncenter wp-image-373 size-full\" src=\"http:\/\/www.leliseron.com\/wp-content\/uploads\/2013\/10\/spacer.gif\" alt=\"spacer\" width=\"10\" height=\"10\" \/><\/strong><\/em><\/p>\n<p style=\"text-align: left;\"><em><strong><br \/>\n=&gt; <\/strong>Le site de la Boudu : <a href=\"http:\/\/www.boudu.org\" target=\"_blank\"><strong>ici<\/strong><\/a> !<strong><br \/>\n<\/strong><\/em><\/p>\n","protected":false},"excerpt":{"rendered":"<p>Le 4 juin 2015, une belle d\u00e9l\u00e9gation f\u00e9minine et Andr\u00e9as Busse Cot\u00e9, le Pr\u00e9sident de la Boudu Corpo M\u00e9decine remettaient au Liseron un don d&rsquo;un montant de 1200 \u20ac, n\u00e9 de l&rsquo;organisation de son gala annuel au grand Kursaal de Besan\u00e7on. Une soir\u00e9e du 6 mars vivement et superbement anim\u00e9e &#8230;<\/p>\n","protected":false},"author":1,"featured_media":1839,"comment_status":"closed","ping_status":"open","sticky":false,"template":"","format":"standard","meta":{"footnotes":""},"categories":[14,4],"tags":[],"class_list":["post-1822","post","type-post","status-publish","format-standard","has-post-thumbnail","hentry","category-actions-particulieres","category-actualites","column","threecol","has-thumbnail"],"_links":{"self":[{"href":"http:\/\/leliseron.com\/index.php?rest_route=\/wp\/v2\/posts\/1822","targetHints":{"allow":["GET"]}}],"collection":[{"href":"http:\/\/leliseron.com\/index.php?rest_route=\/wp\/v2\/posts"}],"about":[{"href":"http:\/\/leliseron.com\/index.php?rest_route=\/wp\/v2\/types\/post"}],"author":[{"embeddable":true,"href":"http:\/\/leliseron.com\/index.php?rest_route=\/wp\/v2\/users\/1"}],"replies":[{"embeddable":true,"href":"http:\/\/leliseron.com\/index.php?rest_route=%2Fwp%2Fv2%2Fcomments&post=1822"}],"version-history":[{"count":17,"href":"http:\/\/leliseron.com\/index.php?rest_route=\/wp\/v2\/posts\/1822\/revisions"}],"predecessor-version":[{"id":1840,"href":"http:\/\/leliseron.com\/index.php?rest_route=\/wp\/v2\/posts\/1822\/revisions\/1840"}],"wp:featuredmedia":[{"embeddable":true,"href":"http:\/\/leliseron.com\/index.php?rest_route=\/wp\/v2\/media\/1839"}],"wp:attachment":[{"href":"http:\/\/leliseron.com\/index.php?rest_route=%2Fwp%2Fv2%2Fmedia&parent=1822"}],"wp:term":[{"taxonomy":"category","embeddable":true,"href":"http:\/\/leliseron.com\/index.php?rest_route=%2Fwp%2Fv2%2Fcategories&post=1822"},{"taxonomy":"post_tag","embeddable":true,"href":"http:\/\/leliseron.com\/index.php?rest_route=%2Fwp%2Fv2%2Ftags&post=1822"}],"curies":[{"name":"wp","href":"https:\/\/api.w.org\/{rel}","templated":true}]}}