{"id":1745,"date":"2015-03-13T12:50:09","date_gmt":"2015-03-13T11:50:09","guid":{"rendered":"http:\/\/www.leliseron.com\/?p=1745"},"modified":"2017-07-03T10:40:34","modified_gmt":"2017-07-03T09:40:34","slug":"ouverture-vers-la-jeunesse","status":"publish","type":"post","link":"http:\/\/leliseron.com\/?p=1745","title":{"rendered":"Ouverture vers la jeunesse\u2026"},"content":{"rendered":"<p style=\"padding-left: 60px;\">Apr\u00e8s les lyc\u00e9es Fran\u00e7ois Xavier, Saint-Jean et l&rsquo;\u00e9cole de la Croix-Rouge \u00e0 Besan\u00e7on<br \/>\nl&rsquo;association Le Liseron est all\u00e9e \u00e0 la rencontre des \u00e9l\u00e8ves de seconde et premi\u00e8re<br \/>\ndu Lyc\u00e9e Xavier Marmier \u00e0 Pontarlier pour sa journ\u00e9e solidarit\u00e9 2015.<\/p>\n<p><a href=\"http:\/\/www.leliseron.com\/wp-content\/uploads\/2015\/03\/liseron1.jpg\"><img loading=\"lazy\" decoding=\"async\" class=\"aligncenter size-medium wp-image-1750\" src=\"http:\/\/www.leliseron.com\/wp-content\/uploads\/2015\/03\/liseron1-300x199.jpg\" alt=\"Intervention Lyce\u0301e Xavier Marmier \u00e0 Pontarlier\" width=\"300\" height=\"199\" srcset=\"http:\/\/leliseron.com\/wp-content\/uploads\/2015\/03\/liseron1-300x199.jpg 300w, http:\/\/leliseron.com\/wp-content\/uploads\/2015\/03\/liseron1-1024x681.jpg 1024w, http:\/\/leliseron.com\/wp-content\/uploads\/2015\/03\/liseron1-700x465.jpg 700w, http:\/\/leliseron.com\/wp-content\/uploads\/2015\/03\/liseron1.jpg 1776w\" sizes=\"auto, (max-width: 300px) 100vw, 300px\" \/><\/a><a href=\"http:\/\/www.leliseron.com\/wp-content\/uploads\/2015\/03\/liseron3.jpg\"><img loading=\"lazy\" decoding=\"async\" class=\"aligncenter size-medium wp-image-1752\" src=\"http:\/\/www.leliseron.com\/wp-content\/uploads\/2015\/03\/liseron3-300x184.jpg\" alt=\"Intervention Lyce\u0301e Xavier Marmier \u00e0 Pontarlier\" width=\"300\" height=\"184\" srcset=\"http:\/\/leliseron.com\/wp-content\/uploads\/2015\/03\/liseron3-300x184.jpg 300w, http:\/\/leliseron.com\/wp-content\/uploads\/2015\/03\/liseron3-1024x629.jpg 1024w, http:\/\/leliseron.com\/wp-content\/uploads\/2015\/03\/liseron3-332x205.jpg 332w, http:\/\/leliseron.com\/wp-content\/uploads\/2015\/03\/liseron3-268x164.jpg 268w, http:\/\/leliseron.com\/wp-content\/uploads\/2015\/03\/liseron3-700x430.jpg 700w, http:\/\/leliseron.com\/wp-content\/uploads\/2015\/03\/liseron3.jpg 1277w\" sizes=\"auto, (max-width: 300px) 100vw, 300px\" \/><\/a><a href=\"http:\/\/www.leliseron.com\/wp-content\/uploads\/2015\/03\/liseron2.jpg\"><img loading=\"lazy\" decoding=\"async\" class=\"aligncenter size-medium wp-image-1751\" src=\"http:\/\/www.leliseron.com\/wp-content\/uploads\/2015\/03\/liseron2-300x199.jpg\" alt=\"Intervention Lyce\u0301e Xavier Marmier \u00e0 Pontarlier\" width=\"300\" height=\"199\" srcset=\"http:\/\/leliseron.com\/wp-content\/uploads\/2015\/03\/liseron2-300x199.jpg 300w, http:\/\/leliseron.com\/wp-content\/uploads\/2015\/03\/liseron2-1024x681.jpg 1024w, http:\/\/leliseron.com\/wp-content\/uploads\/2015\/03\/liseron2-700x465.jpg 700w, http:\/\/leliseron.com\/wp-content\/uploads\/2015\/03\/liseron2.jpg 1776w\" sizes=\"auto, (max-width: 300px) 100vw, 300px\" \/><\/a><\/p>\n<p>&nbsp;<\/p>\n","protected":false},"excerpt":{"rendered":"<p>Apr\u00e8s les lyc\u00e9es Fran\u00e7ois Xavier, Saint-Jean et l&rsquo;\u00e9cole de la Croix-Rouge \u00e0 Besan\u00e7on l&rsquo;association Le Liseron est all\u00e9e \u00e0 la rencontre des \u00e9l\u00e8ves de seconde et premi\u00e8re du Lyc\u00e9e Xavier Marmier \u00e0 Pontarlier pour sa journ\u00e9e solidarit\u00e9 2015. &nbsp;<\/p>\n","protected":false},"author":1,"featured_media":1747,"comment_status":"open","ping_status":"open","sticky":false,"template":"","format":"standard","meta":{"footnotes":""},"categories":[15,4],"tags":[66,67,68],"class_list":["post-1745","post","type-post","status-publish","format-standard","has-post-thumbnail","hentry","category-manifestation-exterieure","category-actualites","tag-intervention","tag-lycee","tag-xavier-marmier","column","threecol","has-thumbnail"],"_links":{"self":[{"href":"http:\/\/leliseron.com\/index.php?rest_route=\/wp\/v2\/posts\/1745","targetHints":{"allow":["GET"]}}],"collection":[{"href":"http:\/\/leliseron.com\/index.php?rest_route=\/wp\/v2\/posts"}],"about":[{"href":"http:\/\/leliseron.com\/index.php?rest_route=\/wp\/v2\/types\/post"}],"author":[{"embeddable":true,"href":"http:\/\/leliseron.com\/index.php?rest_route=\/wp\/v2\/users\/1"}],"replies":[{"embeddable":true,"href":"http:\/\/leliseron.com\/index.php?rest_route=%2Fwp%2Fv2%2Fcomments&post=1745"}],"version-history":[{"count":5,"href":"http:\/\/leliseron.com\/index.php?rest_route=\/wp\/v2\/posts\/1745\/revisions"}],"predecessor-version":[{"id":1755,"href":"http:\/\/leliseron.com\/index.php?rest_route=\/wp\/v2\/posts\/1745\/revisions\/1755"}],"wp:featuredmedia":[{"embeddable":true,"href":"http:\/\/leliseron.com\/index.php?rest_route=\/wp\/v2\/media\/1747"}],"wp:attachment":[{"href":"http:\/\/leliseron.com\/index.php?rest_route=%2Fwp%2Fv2%2Fmedia&parent=1745"}],"wp:term":[{"taxonomy":"category","embeddable":true,"href":"http:\/\/leliseron.com\/index.php?rest_route=%2Fwp%2Fv2%2Fcategories&post=1745"},{"taxonomy":"post_tag","embeddable":true,"href":"http:\/\/leliseron.com\/index.php?rest_route=%2Fwp%2Fv2%2Ftags&post=1745"}],"curies":[{"name":"wp","href":"https:\/\/api.w.org\/{rel}","templated":true}]}}